{"id":14136,"date":"2026-09-01T16:32:18","date_gmt":"2026-09-01T14:32:18","guid":{"rendered":"https:\/\/www.bavariadirekt.de\/magazin\/?p=14136"},"modified":"2026-09-03T16:57:21","modified_gmt":"2026-09-03T14:57:21","slug":"altersvorsorge-reformgesetz","status":"publish","type":"post","link":"https:\/\/www.bavariadirekt.de\/magazin\/altersvorsorge-reformgesetz\/","title":{"rendered":"Altersvorsorge-Reformgesetz \u2013 das staatlich gef\u00f6rderte Altersvorsorgedepot"},"content":{"rendered":"\t\t<div data-elementor-type=\"wp-post\" data-elementor-id=\"14136\" class=\"elementor elementor-14136\" data-elementor-post-type=\"post\">\n\t\t\t\t\t\t<section class=\"elementor-section elementor-top-section elementor-element elementor-element-5b11f78 elementor-section-boxed elementor-section-height-default elementor-section-height-default\" data-id=\"5b11f78\" data-element_type=\"section\" data-e-type=\"section\">\n\t\t\t\t\t\t<div class=\"elementor-container elementor-column-gap-default\">\n\t\t\t\t\t<div class=\"elementor-column elementor-col-100 elementor-top-column elementor-element elementor-element-891e34d\" data-id=\"891e34d\" data-element_type=\"column\" data-e-type=\"column\">\n\t\t\t<div class=\"elementor-widget-wrap elementor-element-populated\">\n\t\t\t\t\t\t<div class=\"elementor-element elementor-element-60df17c elementor-widget elementor-widget-text-editor\" data-id=\"60df17c\" data-element_type=\"widget\" data-e-type=\"widget\" data-widget_type=\"text-editor.default\">\n\t\t\t\t\t\t\t\t\t<p><strong>Im Zuge des Altersvorsorge-Reformgesetzes startet 2027 das neue Altersvorsorgedepot. Erfahren Sie, wie das neue F\u00f6rdermodell funktioniert, wer von der Riester-Nachfolge profitieren kann und worauf Sie bei der Auswahl eines Anbieters achten sollten.<\/strong><\/p>\t\t\t\t\t\t\t\t<\/div>\n\t\t\t\t\t<\/div>\n\t\t<\/div>\n\t\t\t\t\t<\/div>\n\t\t<\/section>\n\t\t\t\t<section class=\"elementor-section elementor-top-section elementor-element elementor-element-7c5bfda elementor-section-boxed elementor-section-height-default elementor-section-height-default\" data-id=\"7c5bfda\" data-element_type=\"section\" data-e-type=\"section\">\n\t\t\t\t\t\t<div class=\"elementor-container elementor-column-gap-default\">\n\t\t\t\t\t<div class=\"elementor-column elementor-col-100 elementor-top-column elementor-element elementor-element-46f1c85\" data-id=\"46f1c85\" data-element_type=\"column\" data-e-type=\"column\">\n\t\t\t<div class=\"elementor-widget-wrap elementor-element-populated\">\n\t\t\t\t\t\t<div class=\"elementor-element elementor-element-d5a72b8 elementor-widget elementor-widget-text-editor\" data-id=\"d5a72b8\" data-element_type=\"widget\" data-e-type=\"widget\" data-widget_type=\"text-editor.default\">\n\t\t\t\t\t\t\t\t\t<h2>Altersvorsorge-Reformgesetz \u2013 was ist das?<\/h2><p>Das Altersvorsorge-Reformgesetz ist eine Neuauflage der <strong>staatlich gef\u00f6rderten, privaten Altersvorsorge<\/strong>. Der Bundestag verabschiedete das \u201eGesetz zur Reform der steuerlich gef\u00f6rderten privaten Altersvorsorge\u201c im M\u00e4rz 2026, der Bundesrat stimmte im Mai 2026 zu \u2013 das Altersvorsorge-Reformgesetz ist damit bereits geltendes Recht.<\/p><p>Ziel der Reform ist es, m\u00f6glichst vielen Menschen einen soliden Verm\u00f6gensaufbau f\u00fcr den Ruhestand zu erm\u00f6glichen und die staatliche F\u00f6rderung <strong>unb\u00fcrokratischer, transparenter und rentabler<\/strong> zu gestalten. Kernst\u00fcck der Reform ist das <strong>Altersvorsorgedepot, das 2027 starten soll. <\/strong><\/p>\t\t\t\t\t\t\t\t<\/div>\n\t\t\t\t\t<\/div>\n\t\t<\/div>\n\t\t\t\t\t<\/div>\n\t\t<\/section>\n\t\t\t\t<section class=\"elementor-section elementor-top-section elementor-element elementor-element-086f6d2 elementor-section-boxed elementor-section-height-default elementor-section-height-default\" data-id=\"086f6d2\" data-element_type=\"section\" data-e-type=\"section\">\n\t\t\t\t\t\t<div class=\"elementor-container elementor-column-gap-default\">\n\t\t\t\t\t<div class=\"elementor-column elementor-col-100 elementor-top-column elementor-element elementor-element-6157242\" data-id=\"6157242\" data-element_type=\"column\" data-e-type=\"column\">\n\t\t\t<div class=\"elementor-widget-wrap elementor-element-populated\">\n\t\t\t\t\t\t<div class=\"elementor-element elementor-element-77c4969 elementor-widget elementor-widget-text-editor\" data-id=\"77c4969\" data-element_type=\"widget\" data-e-type=\"widget\" data-widget_type=\"text-editor.default\">\n\t\t\t\t\t\t\t\t\t<h2>Warum ist eine Reform der Altersvorsorge n\u00f6tig?<\/h2><p>Die <strong>Riester-Rente brachte nicht den erhofften Erfolg<\/strong>. Durch die Pflicht zu einer hundertprozentigen Beitragsgarantie konnten die Anbieter nur sehr geringe Zinsen auszahlen. Damit war die <strong>Rendite zu gering, um das Leben im Rentenalter wirklich abzusichern<\/strong>.<\/p><p>Zus\u00e4tzlich f\u00fchrten hohe Verwaltungskosten und komplexe Zulagenregelungen dazu, dass die <strong>Nachfrage<\/strong> nach Riester-Neuabschl\u00fcssen in den letzten Jahren <strong>stark zur\u00fcckging<\/strong> und bestehende Vertr\u00e4ge eine Art Abstellgleis wurden, auf dem nichts mehr passierte.<\/p><p>Der demographische Wandel setzte die gesetzliche Rentenversicherung jedoch weiterhin stark unter Druck. Etwas musste passieren. Die Entwicklung lukrativerer, staatlich gef\u00f6rderter M\u00f6glichkeiten wurde dringlicher denn je.<\/p><p>Das Altersvorsorge-Reformgesetz <strong>mit dem Altersvorsorgedepot als Herzst\u00fcck<\/strong> ist die Antwort auf die genannten Probleme und das Ergebnis langer \u00dcberlegungen. Das Gesetz schafft nun erstmals den rechtlichen Rahmen f\u00fcr staatlich gef\u00f6rderte Finanzprodukte wie beispielsweise Fonds oder ETFs, <strong>ohne dass die Anbieter eine bestimmte Rendite zusichern m\u00fcssen<\/strong>.<\/p><p>Die Riester-Rente, mit garantierter Auszahlung, daf\u00fcr aber geringeren Rendite, wird es weiterhin geben. Das hei\u00dft konkret: Ab 2027 k\u00f6nnen Verbraucher im Rahmen der staatlich gef\u00f6rderten Altersvorsorge zwischen Riester (klassisch, geringe Rendite) und dem Altersvorsorgedepot (gr\u00f6\u00dferes Risiko, daf\u00fcr h\u00f6here Rendite) w\u00e4hlen.\u00a0<\/p>\t\t\t\t\t\t\t\t<\/div>\n\t\t\t\t\t<\/div>\n\t\t<\/div>\n\t\t\t\t\t<\/div>\n\t\t<\/section>\n\t\t\t\t<section class=\"elementor-section elementor-top-section elementor-element elementor-element-2b6ea8c elementor-section-boxed elementor-section-height-default elementor-section-height-default\" data-id=\"2b6ea8c\" data-element_type=\"section\" data-e-type=\"section\">\n\t\t\t\t\t\t<div class=\"elementor-container elementor-column-gap-default\">\n\t\t\t\t\t<div class=\"elementor-column elementor-col-100 elementor-top-column elementor-element elementor-element-4df22f3\" data-id=\"4df22f3\" data-element_type=\"column\" data-e-type=\"column\">\n\t\t\t<div class=\"elementor-widget-wrap elementor-element-populated\">\n\t\t\t\t\t\t<div class=\"elementor-element elementor-element-659da10 elementor-widget elementor-widget-text-editor\" data-id=\"659da10\" data-element_type=\"widget\" data-e-type=\"widget\" data-widget_type=\"text-editor.default\">\n\t\t\t\t\t\t\t\t\t<h2>Was ist das Altersvorsorgedepot?<\/h2><p>Der Begriff Altersvorsorgedepot wird oft synonym f\u00fcr die <strong>neue Altersvorsorge genutzt<\/strong>. Manche sprechen auch vom Riester-Nachfolger. Wenn also jemand vom Altersvorsorgedepot spricht, meint er meist die Altersvorsorge-Reform. Korrekt ist: Das Altersvorsorgedepot ist das Produkt, das durch die Reform entstanden ist.<\/p><p>Das Prinzip dahinter: Das im Depot (Konto) angelegte Kapital kann sich durch das langfristige <strong>Wachstum der globalen Kapitalm\u00e4rkte vermehren<\/strong>. Die Betonung liegt auf \u201ekann\u201c, denn Garantien f\u00fcr einen Gewinn durch das Altersvorsorgedepot sind gesetzlich nicht vorgeschrieben.<\/p><p>Wichtig zu wissen: Die Anbieter werden von der Regierung gepr\u00fcft, offiziell zugelassen und in einer Liste gef\u00fchrt. Das hei\u00dft: Nicht jeder kann einfach so Finanzprodukte anbieten, die der Staat bezuschusst.<\/p>\t\t\t\t\t\t\t\t<\/div>\n\t\t\t\t\t<\/div>\n\t\t<\/div>\n\t\t\t\t\t<\/div>\n\t\t<\/section>\n\t\t\t\t<section class=\"elementor-section elementor-top-section elementor-element elementor-element-74783d7 elementor-section-boxed elementor-section-height-default elementor-section-height-default\" data-id=\"74783d7\" data-element_type=\"section\" data-e-type=\"section\">\n\t\t\t\t\t\t<div class=\"elementor-container elementor-column-gap-default\">\n\t\t\t\t\t<div class=\"elementor-column elementor-col-100 elementor-top-column elementor-element elementor-element-02e2659\" data-id=\"02e2659\" data-element_type=\"column\" data-e-type=\"column\">\n\t\t\t<div class=\"elementor-widget-wrap elementor-element-populated\">\n\t\t\t\t\t\t<div class=\"elementor-element elementor-element-44ce4c6 elementor-widget elementor-widget-image\" data-id=\"44ce4c6\" data-element_type=\"widget\" data-e-type=\"widget\" data-widget_type=\"image.default\">\n\t\t\t\t\t\t\t\t\t\t\t\t<figure class=\"wp-caption\">\n\t\t\t\t\t\t\t\t\t\t<img fetchpriority=\"high\" decoding=\"async\" width=\"800\" height=\"533\" src=\"https:\/\/www.bavariadirekt.de\/magazin\/wp-content\/uploads\/2026\/09\/altersvorsorgedepot.jpg\" class=\"attachment-large size-large wp-image-14132\" alt=\"Frau pr\u00fcft ihr Aktiendepot am Laptop und Smartphone\" srcset=\"https:\/\/www.bavariadirekt.de\/magazin\/wp-content\/uploads\/2026\/09\/altersvorsorgedepot.jpg 1000w, https:\/\/www.bavariadirekt.de\/magazin\/wp-content\/uploads\/2026\/09\/altersvorsorgedepot-300x200.jpg 300w, https:\/\/www.bavariadirekt.de\/magazin\/wp-content\/uploads\/2026\/09\/altersvorsorgedepot-768x511.jpg 768w\" sizes=\"(max-width: 800px) 100vw, 800px\" \/>\t\t\t\t\t\t\t\t\t\t\t<figcaption class=\"widget-image-caption wp-caption-text\">Die Entwicklung des Altersvorsorgedepots k\u00f6nnen Sie jederzeit verfolgen<\/figcaption>\n\t\t\t\t\t\t\t\t\t\t<\/figure>\n\t\t\t\t\t\t\t\t\t<\/div>\n\t\t\t\t\t<\/div>\n\t\t<\/div>\n\t\t\t\t\t<\/div>\n\t\t<\/section>\n\t\t\t\t<section class=\"elementor-section elementor-top-section elementor-element elementor-element-234a0dc elementor-section-boxed elementor-section-height-default elementor-section-height-default\" data-id=\"234a0dc\" data-element_type=\"section\" data-e-type=\"section\">\n\t\t\t\t\t\t<div class=\"elementor-container elementor-column-gap-default\">\n\t\t\t\t\t<div class=\"elementor-column elementor-col-100 elementor-top-column elementor-element elementor-element-ec2a068\" data-id=\"ec2a068\" data-element_type=\"column\" data-e-type=\"column\">\n\t\t\t<div class=\"elementor-widget-wrap elementor-element-populated\">\n\t\t\t\t\t\t<div class=\"elementor-element elementor-element-8028cc4 elementor-widget elementor-widget-text-editor\" data-id=\"8028cc4\" data-element_type=\"widget\" data-e-type=\"widget\" data-widget_type=\"text-editor.default\">\n\t\t\t\t\t\t\t\t\t<h2>Wie funktioniert das Altersvorsorgedepot?<\/h2><p>Das Altersvorsorgedepot funktioniert \u00e4hnlich <strong>wie ein Aktiendepot. <\/strong>Sie zahlen regelm\u00e4\u00dfig oder einmalig Beitr\u00e4ge ein, die der Anbieter entsprechend der gew\u00e4hlten Anlagestrategie am Kapitalmarkt investiert. Der Staat f\u00f6rdert die Beitr\u00e4ge mit <strong>Zuzahlungen und Steuerverg\u00fcnstigungen<\/strong>, wenn folgende Voraussetzungen erf\u00fcllt sind:<\/p><ul><li>Das Depot liegt bei einem <strong>staatlich<\/strong> <strong>zertifizierten Anbieter<\/strong>.<\/li><li>Sie investieren ausschlie\u00dflich in zugelassene Anlagem\u00f6glichkeiten wie Fonds oder ETFs.<\/li><li>Sie zahlen den gesetzlich vorgeschriebenen <strong>Mindestbeitrag von 120 Euro<\/strong> pro Kalenderjahr ein.<\/li><li>Sie geh\u00f6ren zum berechtigten Personenkreis.<\/li><li>Das Geld bleibt <strong>mindestens bis zum 65. Geburtstag<\/strong> im Depot.<\/li><\/ul><p><br \/>Die staatliche <strong>F\u00f6rderung des Altersvorsorgedepots<\/strong> funktioniert dann folgenderma\u00dfen:<\/p><ul><li>Der <strong>Mindesteinzahlungsbetrag betr\u00e4gt 120 Euro pro Jahr <\/strong>(egal ob als Einmalzahlung oder in Raten).<\/li><li>Auf alle Einzahlungen <strong>ab 120 Euro bis 360 Euro pro Jahr <\/strong>erhalten Sie einen <strong>staatlichen Zuschuss von 50 Prozent<\/strong>. Das w\u00e4ren maximal 180 Euro.<\/li><li>Auf weitere Einzahlungen <strong>ab 360 Euro bis 1.800 Euro pro Jahr <\/strong>erhalten Sie einen weiteren <strong>staatlichen Zuschuss von 25 Prozent.<\/strong>\u00a0Das w\u00e4ren<strong> maximal 360 Euro.\u00a0<\/strong><\/li><\/ul><p><br \/>Zus\u00e4tzlich erhalten Sie <strong>folgende Zulagen pro Kind. <\/strong>Das gilt ab der Geburt bis zum 18. Geburtstag oder bis zum 25. Geburtstag, wenn das Kind noch studiert, in der Ausbildung oder auf Jobsuche ist:<\/p><ul><li>Zahlen Sie <strong>mindestens 300 Euro<\/strong> pro Jahr ein, erhalten Sie die volle <strong>Zulage von 300 Euro pro Kind.<\/strong><\/li><li>Zahlen Sie nur den <strong>Mindestbetrag von 120 Euro pro Jahr<\/strong> ein, erhalten Sie <strong>pro Kind nur 120 Euro<\/strong>.<\/li><\/ul><p><br \/>Alle Zusch\u00fcsse werden f\u00fcr <strong>jedes Vertragsjahr<\/strong> erneut gew\u00e4hrt. Zulagen und Zinsertr\u00e4ge verbleiben vollst\u00e4ndig im Altersvorsorgedepot und k\u00f6nnen dort weiter investiert werden (Stichwort: Zinseszins).<\/p><p>Wenn Sie den Mindestbetrag von 120 Euro pro Jahr nicht einzahlen, erhalten Sie keinerlei Zusch\u00fcsse. Das Altersvorsorgedepot bleibt jedoch weiterhin bestehen und das Geld darauf \u201earbeitet\u201c weiter.<\/p><p>Die Auszahlung ist <strong>fr\u00fchestens mit 65<\/strong> <strong>Jahren<\/strong> und sp\u00e4testens mit 70 Jahren m\u00f6glich. Zu Beginn k\u00f6nnen Sie sich optional bis zu 30 Prozent des angesparten Kapitals als Einmalbetrag auszahlen lassen. <br \/>F\u00fcr das verbleibende Geld k\u00f6nnen Sie sich je nach Produkt eine <strong>lebenslange Rente <\/strong>auszahlen lassen oder Sie entscheiden sich f\u00fcr eine<strong> Auszahlung nach Plan. <\/strong>Der Auszahlungsplan l\u00e4uft mindestens bis zum 85. Geburtstag und sichert Sie danach lebenslang ab.\u00a0<\/p>\t\t\t\t\t\t\t\t<\/div>\n\t\t\t\t\t<\/div>\n\t\t<\/div>\n\t\t\t\t\t<\/div>\n\t\t<\/section>\n\t\t\t\t<section class=\"elementor-section elementor-top-section elementor-element elementor-element-6d14cc8 elementor-section-boxed elementor-section-height-default elementor-section-height-default\" data-id=\"6d14cc8\" data-element_type=\"section\" data-e-type=\"section\">\n\t\t\t\t\t\t<div class=\"elementor-container elementor-column-gap-default\">\n\t\t\t\t\t<div class=\"elementor-column elementor-col-100 elementor-top-column elementor-element elementor-element-70d187d\" data-id=\"70d187d\" data-element_type=\"column\" data-e-type=\"column\">\n\t\t\t<div class=\"elementor-widget-wrap elementor-element-populated\">\n\t\t\t\t\t\t<div class=\"elementor-element elementor-element-f6ba837 elementor-widget elementor-widget-text-editor\" data-id=\"f6ba837\" data-element_type=\"widget\" data-e-type=\"widget\" data-widget_type=\"text-editor.default\">\n\t\t\t\t\t\t\t\t\t<h3><strong>Bonus f\u00fcr junge Sparer<\/strong><\/h3><p>Zus\u00e4tzlich zu den genannten Zusch\u00fcssen und Kinderzulagen gew\u00e4hrt der Staat einen Zuschuss f\u00fcr junge Sparer. Das hei\u00dft konkret: Wer noch vor dem 25. Geburtstag ein Altersvorsorgedepot er\u00f6ffnet, erh\u00e4lt einen <strong>einmaligen staatlichen Zuschuss von 200 Euro, den sogenannten Berufseinsteiger-Bonus<\/strong>.<\/p>\t\t\t\t\t\t\t\t<\/div>\n\t\t\t\t\t<\/div>\n\t\t<\/div>\n\t\t\t\t\t<\/div>\n\t\t<\/section>\n\t\t\t\t<section class=\"elementor-section elementor-top-section elementor-element elementor-element-4ee5fc0 elementor-section-boxed elementor-section-height-default elementor-section-height-default\" data-id=\"4ee5fc0\" data-element_type=\"section\" data-e-type=\"section\">\n\t\t\t\t\t\t<div class=\"elementor-container elementor-column-gap-default\">\n\t\t\t\t\t<div class=\"elementor-column elementor-col-100 elementor-top-column elementor-element elementor-element-bee9a69\" data-id=\"bee9a69\" data-element_type=\"column\" data-e-type=\"column\">\n\t\t\t<div class=\"elementor-widget-wrap elementor-element-populated\">\n\t\t\t\t\t\t<div class=\"elementor-element elementor-element-933a94b elementor-widget elementor-widget-text-editor\" data-id=\"933a94b\" data-element_type=\"widget\" data-e-type=\"widget\" data-widget_type=\"text-editor.default\">\n\t\t\t\t\t\t\t\t\t<h2>Beispiel-Rechnungen f\u00fcr ein Altersvorsorgedepot<\/h2><p>Zwei Beispiele sollen veranschaulichen, wie Sie die neue Altersvorsorge beim Verm\u00f6gensaufbau unterst\u00fctzt \u2013 auch bei begrenztem Budget:<\/p><ol><li>Eine 24-j\u00e4hrige Berufseinsteigerin zahlt monatlich 30 Euro, also 360 Euro im Jahr, in ihr Altersvorsorgedepot ein. Daf\u00fcr erh\u00e4lt sie 180 Euro Zuschuss sowie einmalig <strong>200 Euro Berufseinsteigerbonus<\/strong>, weil sie den Vertrag vor ihrem 25. Geburtstag abgeschlossen hat. \u00dcber Jahrzehnte investiert und durch den Zinseszinseffekt unterst\u00fctzt, kann daraus ein beachtliches Polster f\u00fcrs Alter entstehen.<\/li><li>Ein 40-j\u00e4hriger Vater eines Kindes zahlt den maximal gef\u00f6rderten Eigenbeitrag von 1.800 Euro j\u00e4hrlich in sein Altersvorsorgedepot ein. Er erh\u00e4lt daf\u00fcr 540 Euro Grundzulage sowie zus\u00e4tzlich 300 Euro Kinderzulage \u2013 der Staat legt also <strong>fast die H\u00e4lfte des gezahlten Beitrags obendrauf<\/strong>.<\/li><\/ol>\t\t\t\t\t\t\t\t<\/div>\n\t\t\t\t\t<\/div>\n\t\t<\/div>\n\t\t\t\t\t<\/div>\n\t\t<\/section>\n\t\t\t\t<section class=\"elementor-section elementor-top-section elementor-element elementor-element-e167305 elementor-section-boxed elementor-section-height-default elementor-section-height-default\" data-id=\"e167305\" data-element_type=\"section\" data-e-type=\"section\">\n\t\t\t\t\t\t<div class=\"elementor-container elementor-column-gap-default\">\n\t\t\t\t\t<div class=\"elementor-column elementor-col-100 elementor-top-column elementor-element elementor-element-5ff7834\" data-id=\"5ff7834\" data-element_type=\"column\" data-e-type=\"column\">\n\t\t\t<div class=\"elementor-widget-wrap elementor-element-populated\">\n\t\t\t\t\t\t<div class=\"elementor-element elementor-element-b1ac334 elementor-widget elementor-widget-image\" data-id=\"b1ac334\" data-element_type=\"widget\" data-e-type=\"widget\" data-widget_type=\"image.default\">\n\t\t\t\t\t\t\t\t\t\t\t\t<figure class=\"wp-caption\">\n\t\t\t\t\t\t\t\t\t\t<img decoding=\"async\" width=\"800\" height=\"534\" src=\"https:\/\/www.bavariadirekt.de\/magazin\/wp-content\/uploads\/2026\/09\/altersvorsorgedepot-kinderzuschlag.jpg\" class=\"attachment-large size-large wp-image-14133\" alt=\"Gl\u00fcckliche Familie mit zwei Kindern\" srcset=\"https:\/\/www.bavariadirekt.de\/magazin\/wp-content\/uploads\/2026\/09\/altersvorsorgedepot-kinderzuschlag.jpg 1000w, https:\/\/www.bavariadirekt.de\/magazin\/wp-content\/uploads\/2026\/09\/altersvorsorgedepot-kinderzuschlag-300x200.jpg 300w, https:\/\/www.bavariadirekt.de\/magazin\/wp-content\/uploads\/2026\/09\/altersvorsorgedepot-kinderzuschlag-768x512.jpg 768w\" sizes=\"(max-width: 800px) 100vw, 800px\" \/>\t\t\t\t\t\t\t\t\t\t\t<figcaption class=\"widget-image-caption wp-caption-text\">Familien mit Kindern profitieren von Kinderzulagen<\/figcaption>\n\t\t\t\t\t\t\t\t\t\t<\/figure>\n\t\t\t\t\t\t\t\t\t<\/div>\n\t\t\t\t\t<\/div>\n\t\t<\/div>\n\t\t\t\t\t<\/div>\n\t\t<\/section>\n\t\t\t\t<section class=\"elementor-section elementor-top-section elementor-element elementor-element-391064e elementor-section-boxed elementor-section-height-default elementor-section-height-default\" data-id=\"391064e\" data-element_type=\"section\" data-e-type=\"section\">\n\t\t\t\t\t\t<div class=\"elementor-container elementor-column-gap-default\">\n\t\t\t\t\t<div class=\"elementor-column elementor-col-100 elementor-top-column elementor-element elementor-element-2acc5ab\" data-id=\"2acc5ab\" data-element_type=\"column\" data-e-type=\"column\">\n\t\t\t<div class=\"elementor-widget-wrap elementor-element-populated\">\n\t\t\t\t\t\t<div class=\"elementor-element elementor-element-a34868f elementor-widget elementor-widget-text-editor\" data-id=\"a34868f\" data-element_type=\"widget\" data-e-type=\"widget\" data-widget_type=\"text-editor.default\">\n\t\t\t\t\t\t\t\t\t<h2>Der Unterschied zur Riester-Rente, R\u00fcrup-Rente und Lebensversicherungen<\/h2><p>Das neue Altersvorsorgedepot unterscheidet sich in mehreren Punkten von den bisherigen Modellen. Gegen\u00fcber der klassischen Riester-Rente <strong>entfallen beim Altersvorsorgedepot die gesetzlichen Garantie-Vorschriften<\/strong> f\u00fcr die Anbieter. Dadurch entsteht eine gr\u00f6\u00dfere Freiheit bei der Kapitalanlage und damit h\u00f6here Renditechancen, aber auch ein Verlustrisiko. Zudem orientiert sich die F\u00f6rderung nicht mehr am Einkommen, sondern einfach nur am eingezahlten Beitrag.<\/p><p>Die <strong>R\u00fcrup-Rente richtet sich vor allem an Selbstst\u00e4ndige<\/strong> und Gutverdiener. Sie wird ausschlie\u00dflich \u00fcber steuerliche Vorteile gef\u00f6rdert und umfasst keine staatlichen Zulagen. Die R\u00fcrup-Rente ist nicht vererbbar, nicht \u00fcbertragbar und wird ausschlie\u00dflich als lebenslange Rente ausgezahlt.<\/p><p><strong>Klassische private Lebens- und Rentenversicherungen<\/strong> geh\u00f6ren grunds\u00e4tzlich nicht zu den staatlich gef\u00f6rderten Altersvorsorgeprodukten. F\u00fcr private Versicherungsvertr\u00e4ge erhalten Sie keine staatlichen Zulagen und k\u00f6nnen die Beitr\u00e4ge nicht als Sonderausgaben im Rahmen der Riester-F\u00f6rderung von der Steuer absetzen. Anders ist es bei zertifizierten Altersvorsorgevertr\u00e4gen in Versicherungsform, die die gesetzlichen Voraussetzungen f\u00fcr eine F\u00f6rderung erf\u00fcllen.<\/p><p>Kurzum: Das Altersvorsorgedepot vereint als Riester-Nachfolge kapitalmarktorientiertes Sparen mit klassischer Vorsorge und staatlichem Zuschuss.<\/p>\t\t\t\t\t\t\t\t<\/div>\n\t\t\t\t\t<\/div>\n\t\t<\/div>\n\t\t\t\t\t<\/div>\n\t\t<\/section>\n\t\t\t\t<section class=\"elementor-section elementor-top-section elementor-element elementor-element-d6675d9 elementor-section-boxed elementor-section-height-default elementor-section-height-default\" data-id=\"d6675d9\" data-element_type=\"section\" data-e-type=\"section\">\n\t\t\t\t\t\t<div class=\"elementor-container elementor-column-gap-default\">\n\t\t\t\t\t<div class=\"elementor-column elementor-col-100 elementor-top-column elementor-element elementor-element-c4ca46d\" data-id=\"c4ca46d\" data-element_type=\"column\" data-e-type=\"column\">\n\t\t\t<div class=\"elementor-widget-wrap elementor-element-populated\">\n\t\t\t\t\t\t<div class=\"elementor-element elementor-element-7340d12 elementor-widget elementor-widget-text-editor\" data-id=\"7340d12\" data-element_type=\"widget\" data-e-type=\"widget\" data-widget_type=\"text-editor.default\">\n\t\t\t\t\t\t\t\t\t<h2>Was passiert mit den Riester-Renten?<\/h2><p>Bestehende Riester-Vertr\u00e4ge genie\u00dfen umfassenden <strong>Bestandsschutz<\/strong>. Sie m\u00fcssen Ihren laufenden Vertrag also nicht k\u00fcndigen \u2013 er l\u00e4uft einfach zu den bisherigen Konditionen und F\u00f6rderbedingungen weiter. Eine Umschichtung des bereits angesparten Kapitals in ein neues Altersvorsorgedepot soll aber laut Altersvorsorge-Reformgesetz einfach m\u00f6glich sein: steuerneutral und ohne Verlust der erhaltenen Zulagen.<\/p><p>Ob das f\u00fcr Sie pers\u00f6nlich sinnvoll ist, <strong>sollten Sie im Rahmen einer Beratung kl\u00e4ren<\/strong>. Diese werden unter anderem von der Deutschen Rentenversicherung und den Verbraucherzentralen angeboten.<\/p>\t\t\t\t\t\t\t\t<\/div>\n\t\t\t\t\t<\/div>\n\t\t<\/div>\n\t\t\t\t\t<\/div>\n\t\t<\/section>\n\t\t\t\t<section class=\"elementor-section elementor-top-section elementor-element elementor-element-af3940f elementor-section-boxed elementor-section-height-default elementor-section-height-default\" data-id=\"af3940f\" data-element_type=\"section\" data-e-type=\"section\">\n\t\t\t\t\t\t<div class=\"elementor-container elementor-column-gap-default\">\n\t\t\t\t\t<div class=\"elementor-column elementor-col-100 elementor-top-column elementor-element elementor-element-1a3bcf7\" data-id=\"1a3bcf7\" data-element_type=\"column\" data-e-type=\"column\">\n\t\t\t<div class=\"elementor-widget-wrap elementor-element-populated\">\n\t\t\t\t\t\t<div class=\"elementor-element elementor-element-1ffdec2 elementor-widget elementor-widget-text-editor\" data-id=\"1ffdec2\" data-element_type=\"widget\" data-e-type=\"widget\" data-widget_type=\"text-editor.default\">\n\t\t\t\t\t\t\t\t\t<h2>Was sind die Vor- und Nachteile der Riester-Nachfolge?<\/h2><p>Die Altersvorsorge-Reform gestaltet die private Altersvorsorge flexibler, einfacher und ertragsreicher, sie birgt aber auch Risiken.<\/p>\t\t\t\t\t\t\t\t<\/div>\n\t\t\t\t\t<\/div>\n\t\t<\/div>\n\t\t\t\t\t<\/div>\n\t\t<\/section>\n\t\t\t\t<section class=\"elementor-section elementor-top-section elementor-element elementor-element-d516686 elementor-section-boxed elementor-section-height-default elementor-section-height-default\" data-id=\"d516686\" data-element_type=\"section\" data-e-type=\"section\">\n\t\t\t\t\t\t<div class=\"elementor-container elementor-column-gap-default\">\n\t\t\t\t\t<div class=\"elementor-column elementor-col-100 elementor-top-column elementor-element elementor-element-fbb4835\" data-id=\"fbb4835\" data-element_type=\"column\" data-e-type=\"column\">\n\t\t\t<div class=\"elementor-widget-wrap elementor-element-populated\">\n\t\t\t\t\t\t<div class=\"elementor-element elementor-element-60b6302 elementor-widget elementor-widget-shortcode\" data-id=\"60b6302\" data-element_type=\"widget\" data-e-type=\"widget\" data-widget_type=\"shortcode.default\">\n\t\t\t\t\t\t\t<div class=\"elementor-shortcode\">\n<table id=\"tablepress-39\" class=\"tablepress tablepress-id-39\">\n<thead>\n<tr class=\"row-1\">\n\t<th class=\"column-1\"><strong>Vorteile<\/strong><\/th><th class=\"column-2\"><strong>Nachteile<\/strong><\/th>\n<\/tr>\n<\/thead>\n<tbody class=\"row-hover\">\n<tr class=\"row-2\">\n\t<td class=\"column-1\">H\u00f6here Renditechancen <\/td><td class=\"column-2\">Kein Schutz der Einzahlungen durch Garantien \u2013 Verluste sind m\u00f6glich<\/td>\n<\/tr>\n<tr class=\"row-3\">\n\t<td class=\"column-1\">Steuervorteile<\/td><td class=\"column-2\">Die Auswahl und Streuung der Fonds obliegt der Eigenverantwortung des Anlegers<\/td>\n<\/tr>\n<tr class=\"row-4\">\n\t<td class=\"column-1\">Staatliche F\u00f6rderung<\/td><td class=\"column-2\">Rendite ist nicht garantiert<\/td>\n<\/tr>\n<tr class=\"row-5\">\n\t<td class=\"column-1\">H\u00f6he der Zulagen ist einfach verst\u00e4ndlich <\/td><td class=\"column-2\">Sperrfrist: Vor dem 65. Geburtstag ist keine Auszahlung m\u00f6glich<\/td>\n<\/tr>\n<tr class=\"row-6\">\n\t<td class=\"column-1\">Individuelle L\u00f6sungen je nach Anbieter<\/td><td class=\"column-2\">Nachteile bei kurzen Anlagezeitr\u00e4umen<\/td>\n<\/tr>\n<tr class=\"row-7\">\n\t<td class=\"column-1\">Freie Wahl zwischen Auszahlung oder der Zahlung monatlicher Renten<\/td><td class=\"column-2\">Ausgezahltes Kapital m\u00fcssen Sie sich selbst einteilen<\/td>\n<\/tr>\n<\/tbody>\n<\/table>\n<!-- #tablepress-39 from cache --><\/div>\n\t\t\t\t\t\t<\/div>\n\t\t\t\t\t<\/div>\n\t\t<\/div>\n\t\t\t\t\t<\/div>\n\t\t<\/section>\n\t\t\t\t<section class=\"elementor-section elementor-top-section elementor-element elementor-element-4064c33 elementor-section-boxed elementor-section-height-default elementor-section-height-default\" data-id=\"4064c33\" data-element_type=\"section\" data-e-type=\"section\">\n\t\t\t\t\t\t<div class=\"elementor-container elementor-column-gap-default\">\n\t\t\t\t\t<div class=\"elementor-column elementor-col-100 elementor-top-column elementor-element elementor-element-d3c6ad7\" data-id=\"d3c6ad7\" data-element_type=\"column\" data-e-type=\"column\">\n\t\t\t<div class=\"elementor-widget-wrap elementor-element-populated\">\n\t\t\t\t\t\t<div class=\"elementor-element elementor-element-1551d37 elementor-widget elementor-widget-text-editor\" data-id=\"1551d37\" data-element_type=\"widget\" data-e-type=\"widget\" data-widget_type=\"text-editor.default\">\n\t\t\t\t\t\t\t\t\t<h2>Wer kann die F\u00f6rderung der staatlichen Altersvorsorge in Anspruch nehmen?<\/h2><p>Die F\u00f6rderung des neuen Altersvorsorgedepots richtet sich an Personen, die <strong>in der gesetzlichen Rentenversicherung pflichtversichert<\/strong> sind, aber auch an Selbstst\u00e4ndige und Freiberufler. Der Anspruch gilt f\u00fcr:<\/p><ul><li>angestellte Arbeitnehmerinnen und Arbeitnehmer<\/li><li>Auszubildende<\/li><li>Eltern in Kindererziehungszeit<\/li><li>Empf\u00e4nger von Arbeitslosengeld, Krankengeld etc. (Lohnersatzleistungen)<\/li><li>Pflegende Angeh\u00f6rige<\/li><li>Beamtinnen, Beamte, Richter sowie Soldaten<\/li><li>Minijobberinnen und Minijobber ohne Befreiung von der Rentenversicherungspflicht<\/li><li>Selbstst\u00e4ndige und Gewerbetreibende, die eine Einkommensteuererkl\u00e4rung machen<\/li><li>Freiberufler wie \u00c4rzte, Rechtsanw\u00e4lte, Architekten oder Therapeuten (Pflichtmitglieder in berufsst\u00e4ndischen Versorgungswerken)<\/li><\/ul><p><br \/>Die <strong>Erweiterung des Kreises auf Selbstst\u00e4ndige und Freiberufler<\/strong> ist ein gro\u00dfer Schritt. Denn Riester konnten ausschlie\u00dflich Personen nutzen, die auch in die gesetzliche Rente einzahlten.<\/p>\t\t\t\t\t\t\t\t<\/div>\n\t\t\t\t\t<\/div>\n\t\t<\/div>\n\t\t\t\t\t<\/div>\n\t\t<\/section>\n\t\t\t\t<section class=\"elementor-section elementor-top-section elementor-element elementor-element-13624bd elementor-section-boxed elementor-section-height-default elementor-section-height-default\" data-id=\"13624bd\" data-element_type=\"section\" data-e-type=\"section\">\n\t\t\t\t\t\t<div class=\"elementor-container elementor-column-gap-default\">\n\t\t\t\t\t<div class=\"elementor-column elementor-col-100 elementor-top-column elementor-element elementor-element-32d3a1f\" data-id=\"32d3a1f\" data-element_type=\"column\" data-e-type=\"column\">\n\t\t\t<div class=\"elementor-widget-wrap elementor-element-populated\">\n\t\t\t\t\t\t<div class=\"elementor-element elementor-element-f7ec60b elementor-widget elementor-widget-text-editor\" data-id=\"f7ec60b\" data-element_type=\"widget\" data-e-type=\"widget\" data-widget_type=\"text-editor.default\">\n\t\t\t\t\t\t\t\t\t<h3><strong>Altersvorsorgedepot f\u00fcr Ehepartnerinnen und Ehepartner<\/strong><\/h3><p>Auch Ehepartner, die die Voraussetzungen f\u00fcr die neue F\u00f6rderung eigentlich nicht erf\u00fcllen, weil sie beispielsweise nicht arbeiten, k\u00f6nnen in den Genuss des Altersvorsorgedepots kommen. Man spricht von <strong>mittelbarer F\u00f6rderung<\/strong>.<\/p><p>Bedingung hierf\u00fcr ist, dass der andere Partner die Voraussetzungen erf\u00fcllt und ein eigenes Depot hat. Der Partner, der quasi durch die Hintert\u00fcr Zugang erh\u00e4lt, muss allerdings mindestens 120 Euro pro Jahr auf ein eigenes Depot einzahlen. Dann erh\u00e4lt er einen staatlichen Zuschuss von j\u00e4hrlich 175 Euro, und zwar jedes Jahr. So k\u00f6nnen Ehepartner oder Familien zus\u00e4tzlich vorsorgen.<\/p>\t\t\t\t\t\t\t\t<\/div>\n\t\t\t\t\t<\/div>\n\t\t<\/div>\n\t\t\t\t\t<\/div>\n\t\t<\/section>\n\t\t\t\t<section class=\"elementor-section elementor-top-section elementor-element elementor-element-f920502 elementor-section-boxed elementor-section-height-default elementor-section-height-default\" data-id=\"f920502\" data-element_type=\"section\" data-e-type=\"section\">\n\t\t\t\t\t\t<div class=\"elementor-container elementor-column-gap-default\">\n\t\t\t\t\t<div class=\"elementor-column elementor-col-100 elementor-top-column elementor-element elementor-element-95a0ff6\" data-id=\"95a0ff6\" data-element_type=\"column\" data-e-type=\"column\">\n\t\t\t<div class=\"elementor-widget-wrap elementor-element-populated\">\n\t\t\t\t\t\t<div class=\"elementor-element elementor-element-cc07a31 elementor-widget elementor-widget-text-editor\" data-id=\"cc07a31\" data-element_type=\"widget\" data-e-type=\"widget\" data-widget_type=\"text-editor.default\">\n\t\t\t\t\t\t\t\t\t<h2>Wie funktioniert die Besteuerung eines Altersvorsorgedepots?<\/h2><p>Das Altersvorsorgedepot folgt dem Prinzip der <strong>nachgelagerten Besteuerung<\/strong>, was bedeutet, dass die Steuer erst sp\u00e4ter f\u00e4llig wird. Das l\u00e4uft wie folgt:<\/p><ul><li><strong>Ansparphase<\/strong>: W\u00e4hrend der gesamten Laufzeit bleiben Ihre Beitr\u00e4ge steuerfrei. Weder auf Aussch\u00fcttungen und Dividenden noch auf Kursgewinne fallen Steuern an. Die Ertr\u00e4ge flie\u00dfen demnach brutto in den Zinseszins.<\/li><li><strong>Auszahlungsphase<\/strong>: Erst in dieser Phase f\u00e4llt Einkommensteuer an, und zwar zu Ihrem individuellen, im Ruhestand meist niedrigeren Steuersatz.<\/li><\/ul><p><br \/>Sie profitieren also von der steuerfreien Wertentwicklung \u00fcber Jahrzehnte und vom niedrigeren Steuersatz bei der Auszahlung, was die <strong>Rendite signifikant erh\u00f6ht<\/strong>.<\/p>\t\t\t\t\t\t\t\t<\/div>\n\t\t\t\t\t<\/div>\n\t\t<\/div>\n\t\t\t\t\t<\/div>\n\t\t<\/section>\n\t\t\t\t<section class=\"elementor-section elementor-top-section elementor-element elementor-element-ba1d822 elementor-section-boxed elementor-section-height-default elementor-section-height-default\" data-id=\"ba1d822\" data-element_type=\"section\" data-e-type=\"section\">\n\t\t\t\t\t\t<div class=\"elementor-container elementor-column-gap-default\">\n\t\t\t\t\t<div class=\"elementor-column elementor-col-100 elementor-top-column elementor-element elementor-element-d6f36dd\" data-id=\"d6f36dd\" data-element_type=\"column\" data-e-type=\"column\">\n\t\t\t<div class=\"elementor-widget-wrap elementor-element-populated\">\n\t\t\t\t\t\t<div class=\"elementor-element elementor-element-c3063cb elementor-widget elementor-widget-image\" data-id=\"c3063cb\" data-element_type=\"widget\" data-e-type=\"widget\" data-widget_type=\"image.default\">\n\t\t\t\t\t\t\t\t\t\t\t\t<figure class=\"wp-caption\">\n\t\t\t\t\t\t\t\t\t\t<img decoding=\"async\" width=\"800\" height=\"534\" src=\"https:\/\/www.bavariadirekt.de\/magazin\/wp-content\/uploads\/2026\/09\/altersvorsorgereform-anbieter.jpg\" class=\"attachment-large size-large wp-image-14134\" alt=\"Ehepaar l\u00e4sst sich beraten\" srcset=\"https:\/\/www.bavariadirekt.de\/magazin\/wp-content\/uploads\/2026\/09\/altersvorsorgereform-anbieter.jpg 1000w, https:\/\/www.bavariadirekt.de\/magazin\/wp-content\/uploads\/2026\/09\/altersvorsorgereform-anbieter-300x200.jpg 300w, https:\/\/www.bavariadirekt.de\/magazin\/wp-content\/uploads\/2026\/09\/altersvorsorgereform-anbieter-768x512.jpg 768w\" sizes=\"(max-width: 800px) 100vw, 800px\" \/>\t\t\t\t\t\t\t\t\t\t\t<figcaption class=\"widget-image-caption wp-caption-text\">Lassen Sie sich gut beraten und finden Sie das Altersvorsorgemodell, das zu Ihnen passt<\/figcaption>\n\t\t\t\t\t\t\t\t\t\t<\/figure>\n\t\t\t\t\t\t\t\t\t<\/div>\n\t\t\t\t\t<\/div>\n\t\t<\/div>\n\t\t\t\t\t<\/div>\n\t\t<\/section>\n\t\t\t\t<section class=\"elementor-section elementor-top-section elementor-element elementor-element-e077db8 elementor-section-boxed elementor-section-height-default elementor-section-height-default\" data-id=\"e077db8\" data-element_type=\"section\" data-e-type=\"section\">\n\t\t\t\t\t\t<div class=\"elementor-container elementor-column-gap-default\">\n\t\t\t\t\t<div class=\"elementor-column elementor-col-100 elementor-top-column elementor-element elementor-element-8fc469a\" data-id=\"8fc469a\" data-element_type=\"column\" data-e-type=\"column\">\n\t\t\t<div class=\"elementor-widget-wrap elementor-element-populated\">\n\t\t\t\t\t\t<div class=\"elementor-element elementor-element-b184a43 elementor-widget elementor-widget-text-editor\" data-id=\"b184a43\" data-element_type=\"widget\" data-e-type=\"widget\" data-widget_type=\"text-editor.default\">\n\t\t\t\t\t\t\t\t\t<h2>Worauf ist beim Anbieter eines Altersvorsorgedepots zu achten?<\/h2><p>Weil sich die Angebote k\u00fcnftig deutlich unterscheiden werden, sollten Sie vor dem Abschluss eines Altersvorsorgedepots einen genauen Blick auf folgende Punkte werfen:<\/p><ul><li><strong>Zertifizierung pr\u00fcfen<\/strong>: Nur ein vom Bundeszentralamt f\u00fcr Steuern zertifizierter Altersvorsorgevertrag wird auch wirklich staatlich gef\u00f6rdert.<\/li><li><strong>Gesamtkosten vergleichen<\/strong>: Achten Sie auf die anfallenden Kosten wie Depotf\u00fchrungsentgelte, Ordertaxen und Produktkosten.<\/li><li><strong>Anlagemodelle und Vielfalt<\/strong>: Ein guter Anbieter bietet eine breite Palette an ETFs, ELTIFs und Fonds an, sodass Sie w\u00e4hlen k\u00f6nnen.<\/li><li><strong>Garantiemodell ausw\u00e4hlen<\/strong>: Pr\u00fcfen Sie, ob ein Produkt ohne Garantie zu Ihrer pers\u00f6nlichen Risikobereitschaft passt.<\/li><li><strong>Flexibilit\u00e4t der Sparpl\u00e4ne<\/strong>: Sparraten sollten sich jederzeit kostenfrei anpassen, pausieren oder durch Einmalzahlungen aufstocken lassen.<\/li><li><strong>Auszahlungsform kl\u00e4ren<\/strong>: Pr\u00fcfen Sie, ob der Anbieter auch wirklich beide Formen der Auszahlung anbietet, sodass Sie zwischen <strong>lebenslangen monatlichen Rentenzahlungen<\/strong> und<strong> einem individuellen Auszahlungsplan<\/strong> w\u00e4hlen k\u00f6nnen.<\/li><li><strong>Wechselkonditionen kl\u00e4ren<\/strong>: Informieren Sie sich \u00fcber m\u00f6gliche Geb\u00fchren bei einem sp\u00e4teren Anbieterwechsel.<\/li><li><strong>Hohe Benutzerfreundlichkeit<\/strong>: Eine transparente digitale Plattform erleichtert den Blick in das Depot und damit auf den Stand aller Einzahlungen sowie Zusch\u00fcsse.<\/li><\/ul>\t\t\t\t\t\t\t\t<\/div>\n\t\t\t\t\t<\/div>\n\t\t<\/div>\n\t\t\t\t\t<\/div>\n\t\t<\/section>\n\t\t\t\t<section class=\"elementor-section elementor-top-section elementor-element elementor-element-890f4a8 elementor-section-boxed elementor-section-height-default elementor-section-height-default\" data-id=\"890f4a8\" data-element_type=\"section\" data-e-type=\"section\">\n\t\t\t\t\t\t<div class=\"elementor-container elementor-column-gap-default\">\n\t\t\t\t\t<div class=\"elementor-column elementor-col-100 elementor-top-column elementor-element elementor-element-9759612\" data-id=\"9759612\" data-element_type=\"column\" data-e-type=\"column\">\n\t\t\t<div class=\"elementor-widget-wrap elementor-element-populated\">\n\t\t\t\t\t\t<div class=\"elementor-element elementor-element-fd150fd elementor-widget elementor-widget-text-editor\" data-id=\"fd150fd\" data-element_type=\"widget\" data-e-type=\"widget\" data-widget_type=\"text-editor.default\">\n\t\t\t\t\t\t\t\t\t<h2>Das Altersvorsorge-Reformgesetz mit dem Altersvorsorgedepot er\u00f6ffnet Chancen<\/h2><p>Das Altersvorsorgedepot geht 2027 an den Start. Damit verbunden sind gro\u00dfe Hoffnungen, das Rentenproblem wenigstens teilweise in den Griff zu bekommen.<\/p><p>Wie sich das Modell in der Praxis bew\u00e4hrt, wird sich zeigen. Fest steht: Informieren sollten Sie sich auf jeden Fall, damit Sie die staatliche F\u00f6rderung voll nutzen k\u00f6nnen.<\/p><p><strong>Lassen Sie sich<\/strong> am besten von unabh\u00e4ngiger Seite, etwa von professionellen Finanzexperten, <strong>beraten<\/strong>. Das gilt insbesondere auch bei einem Wechsel von Riester zum Nachfolger.<\/p><p>Lesen Sie auch das Wichtigste \u00fcber die <a href=\"https:\/\/www.bavariadirekt.de\/magazin\/betriebliche-altersvorsorge\/\">betriebliche Altersvorsorge<\/a>, einen weiteren Pfeiler im Verm\u00f6gensaufbau f\u00fcr den Ruhestand. Und was gilt bei <a href=\"https:\/\/www.bavariadirekt.de\/magazin\/teilzeit-rente\/\">Teilzeit und Rente<\/a>? Wir verraten es Ihnen.<\/p>\t\t\t\t\t\t\t\t<\/div>\n\t\t\t\t\t<\/div>\n\t\t<\/div>\n\t\t\t\t\t<\/div>\n\t\t<\/section>\n\t\t\t\t<section class=\"elementor-section elementor-top-section elementor-element elementor-element-85b89b2 elementor-section-boxed elementor-section-height-default elementor-section-height-default\" data-id=\"85b89b2\" data-element_type=\"section\" data-e-type=\"section\">\n\t\t\t\t\t\t<div class=\"elementor-container elementor-column-gap-default\">\n\t\t\t\t\t<div class=\"elementor-column elementor-col-100 elementor-top-column elementor-element elementor-element-3fd4358\" data-id=\"3fd4358\" data-element_type=\"column\" data-e-type=\"column\">\n\t\t\t<div class=\"elementor-widget-wrap elementor-element-populated\">\n\t\t\t\t\t\t<div class=\"elementor-element elementor-element-a5a6e5e elementor-widget elementor-widget-text-editor\" data-id=\"a5a6e5e\" data-element_type=\"widget\" data-e-type=\"widget\" data-widget_type=\"text-editor.default\">\n\t\t\t\t\t\t\t\t\t<p>Bildnachweis:<br \/>Titelbild: stock.adobe.com\/eyetronic, Bild 2: stock.adobe.com\/west_photo, Bild 3: stock.adobe.com\/bugarskipavle3, Bild 4: stock.adobe.com\/ido<\/p>\t\t\t\t\t\t\t\t<\/div>\n\t\t\t\t\t<\/div>\n\t\t<\/div>\n\t\t\t\t\t<\/div>\n\t\t<\/section>\n\t\t\t\t<\/div>\n\t\t","protected":false},"excerpt":{"rendered":"<p>Eine Reform der Altersvorsorge ist dringend n\u00f6tig und damit auch politische Chefsache. Das Altersvorsorgedepot ist das Ergebnis. Es geht 2027 an den Start. Mit gro\u00dfz\u00fcgigen staatlichen Zusch\u00fcssen k\u00f6nnen Sie langfristig und klug vorsorgen. <\/p>\n","protected":false},"author":5,"featured_media":14135,"comment_status":"closed","ping_status":"open","sticky":false,"template":"","format":"standard","meta":{"inline_featured_image":false,"footnotes":""},"categories":[9],"tags":[],"class_list":["post-14136","post","type-post","status-publish","format-standard","has-post-thumbnail","hentry","category-leben-und-gesundheit"],"yoast_head":"<!-- This site is optimized with the Yoast SEO plugin v28.4 - https:\/\/yoast.com\/product\/yoast-seo-wordpress\/ -->\n<title>Altersvorsorgedepot \u2013 Altersvorsorge Reformgesetz | BavariaDirekt<\/title>\n<meta name=\"description\" content=\"Altersvorsorgedepot: was ist das? Wie funktioniert es \u2713 F\u00f6rderung \u2713 Steuern \u2713 Worauf achten? \u25ba jetzt lesen!\" \/>\n<meta name=\"robots\" content=\"index, follow, max-snippet:-1, max-image-preview:large, max-video-preview:-1\" \/>\n<link rel=\"canonical\" href=\"https:\/\/www.bavariadirekt.de\/magazin\/altersvorsorge-reformgesetz\/\" \/>\n<meta property=\"og:locale\" content=\"de_DE\" \/>\n<meta property=\"og:type\" content=\"article\" \/>\n<meta property=\"og:title\" content=\"Altersvorsorgedepot \u2013 Altersvorsorge Reformgesetz | BavariaDirekt\" \/>\n<meta property=\"og:description\" content=\"Altersvorsorgedepot: was ist das? Wie funktioniert es \u2713 F\u00f6rderung \u2713 Steuern \u2713 Worauf achten? \u25ba jetzt lesen!\" \/>\n<meta property=\"og:url\" content=\"https:\/\/www.bavariadirekt.de\/magazin\/altersvorsorge-reformgesetz\/\" \/>\n<meta property=\"og:site_name\" content=\"BavariaDirekt Magazin\" \/>\n<meta property=\"article:published_time\" content=\"2026-09-01T14:32:18+00:00\" \/>\n<meta property=\"article:modified_time\" content=\"2026-09-03T14:57:21+00:00\" \/>\n<meta property=\"og:image\" content=\"https:\/\/www.bavariadirekt.de\/magazin\/wp-content\/uploads\/2026\/09\/altersvorsorgereformgesetz.jpg\" \/>\n\t<meta property=\"og:image:width\" content=\"1000\" \/>\n\t<meta property=\"og:image:height\" content=\"666\" \/>\n\t<meta property=\"og:image:type\" content=\"image\/jpeg\" \/>\n<meta name=\"author\" content=\"Cornelia Scheffler\" \/>\n<meta name=\"twitter:card\" content=\"summary_large_image\" \/>\n<meta name=\"twitter:label1\" content=\"Verfasst von\" \/>\n\t<meta name=\"twitter:data1\" content=\"Cornelia Scheffler\" \/>\n\t<meta name=\"twitter:label2\" content=\"Gesch\u00e4tzte Lesezeit\" \/>\n\t<meta name=\"twitter:data2\" content=\"11\u00a0Minuten\" \/>\n<script type=\"application\/ld+json\" class=\"yoast-schema-graph\">{\"@context\":\"https:\\\/\\\/schema.org\",\"@graph\":[{\"@type\":\"Article\",\"@id\":\"https:\\\/\\\/www.bavariadirekt.de\\\/magazin\\\/altersvorsorge-reformgesetz\\\/#article\",\"isPartOf\":{\"@id\":\"https:\\\/\\\/www.bavariadirekt.de\\\/magazin\\\/altersvorsorge-reformgesetz\\\/\"},\"author\":{\"name\":\"Cornelia Scheffler\",\"@id\":\"https:\\\/\\\/www.bavariadirekt.de\\\/magazin\\\/#\\\/schema\\\/person\\\/df82ea0fe377e8e755ab48342b25f7cb\"},\"headline\":\"Altersvorsorge-Reformgesetz \u2013 das staatlich gef\u00f6rderte Altersvorsorgedepot\",\"datePublished\":\"2026-09-01T14:32:18+00:00\",\"dateModified\":\"2026-09-03T14:57:21+00:00\",\"mainEntityOfPage\":{\"@id\":\"https:\\\/\\\/www.bavariadirekt.de\\\/magazin\\\/altersvorsorge-reformgesetz\\\/\"},\"wordCount\":1947,\"publisher\":{\"@id\":\"https:\\\/\\\/www.bavariadirekt.de\\\/magazin\\\/#organization\"},\"image\":{\"@id\":\"https:\\\/\\\/www.bavariadirekt.de\\\/magazin\\\/altersvorsorge-reformgesetz\\\/#primaryimage\"},\"thumbnailUrl\":\"https:\\\/\\\/www.bavariadirekt.de\\\/magazin\\\/wp-content\\\/uploads\\\/2026\\\/09\\\/altersvorsorgereformgesetz.jpg\",\"articleSection\":[\"Leben und Gesundheit\"],\"inLanguage\":\"de\"},{\"@type\":\"WebPage\",\"@id\":\"https:\\\/\\\/www.bavariadirekt.de\\\/magazin\\\/altersvorsorge-reformgesetz\\\/\",\"url\":\"https:\\\/\\\/www.bavariadirekt.de\\\/magazin\\\/altersvorsorge-reformgesetz\\\/\",\"name\":\"Altersvorsorgedepot \u2013 Altersvorsorge Reformgesetz | BavariaDirekt\",\"isPartOf\":{\"@id\":\"https:\\\/\\\/www.bavariadirekt.de\\\/magazin\\\/#website\"},\"primaryImageOfPage\":{\"@id\":\"https:\\\/\\\/www.bavariadirekt.de\\\/magazin\\\/altersvorsorge-reformgesetz\\\/#primaryimage\"},\"image\":{\"@id\":\"https:\\\/\\\/www.bavariadirekt.de\\\/magazin\\\/altersvorsorge-reformgesetz\\\/#primaryimage\"},\"thumbnailUrl\":\"https:\\\/\\\/www.bavariadirekt.de\\\/magazin\\\/wp-content\\\/uploads\\\/2026\\\/09\\\/altersvorsorgereformgesetz.jpg\",\"datePublished\":\"2026-09-01T14:32:18+00:00\",\"dateModified\":\"2026-09-03T14:57:21+00:00\",\"description\":\"Altersvorsorgedepot: was ist das? Wie funktioniert es \u2713 F\u00f6rderung \u2713 Steuern \u2713 Worauf achten? \u25ba jetzt lesen!\",\"breadcrumb\":{\"@id\":\"https:\\\/\\\/www.bavariadirekt.de\\\/magazin\\\/altersvorsorge-reformgesetz\\\/#breadcrumb\"},\"inLanguage\":\"de\",\"potentialAction\":[{\"@type\":\"ReadAction\",\"target\":[\"https:\\\/\\\/www.bavariadirekt.de\\\/magazin\\\/altersvorsorge-reformgesetz\\\/\"]}]},{\"@type\":\"ImageObject\",\"inLanguage\":\"de\",\"@id\":\"https:\\\/\\\/www.bavariadirekt.de\\\/magazin\\\/altersvorsorge-reformgesetz\\\/#primaryimage\",\"url\":\"https:\\\/\\\/www.bavariadirekt.de\\\/magazin\\\/wp-content\\\/uploads\\\/2026\\\/09\\\/altersvorsorgereformgesetz.jpg\",\"contentUrl\":\"https:\\\/\\\/www.bavariadirekt.de\\\/magazin\\\/wp-content\\\/uploads\\\/2026\\\/09\\\/altersvorsorgereformgesetz.jpg\",\"width\":1000,\"height\":666,\"caption\":\"Gl\u00fcckliches Paar auf einer Bank in den Alpen\"},{\"@type\":\"BreadcrumbList\",\"@id\":\"https:\\\/\\\/www.bavariadirekt.de\\\/magazin\\\/altersvorsorge-reformgesetz\\\/#breadcrumb\",\"itemListElement\":[{\"@type\":\"ListItem\",\"position\":1,\"name\":\"BavariaDirekt Magazin\",\"item\":\"https:\\\/\\\/www.bavariadirekt.de\\\/magazin\\\/\"},{\"@type\":\"ListItem\",\"position\":2,\"name\":\"Leben und Gesundheit\",\"item\":\"https:\\\/\\\/www.bavariadirekt.de\\\/magazin\\\/leben-und-gesundheit\\\/\"},{\"@type\":\"ListItem\",\"position\":3,\"name\":\"Altersvorsorge-Reformgesetz \u2013 das staatlich gef\u00f6rderte Altersvorsorgedepot\"}]},{\"@type\":\"WebSite\",\"@id\":\"https:\\\/\\\/www.bavariadirekt.de\\\/magazin\\\/#website\",\"url\":\"https:\\\/\\\/www.bavariadirekt.de\\\/magazin\\\/\",\"name\":\"BavariaDirekt Magazin\",\"description\":\"\",\"publisher\":{\"@id\":\"https:\\\/\\\/www.bavariadirekt.de\\\/magazin\\\/#organization\"},\"potentialAction\":[{\"@type\":\"SearchAction\",\"target\":{\"@type\":\"EntryPoint\",\"urlTemplate\":\"https:\\\/\\\/www.bavariadirekt.de\\\/magazin\\\/?s={search_term_string}\"},\"query-input\":{\"@type\":\"PropertyValueSpecification\",\"valueRequired\":true,\"valueName\":\"search_term_string\"}}],\"inLanguage\":\"de\"},{\"@type\":\"Organization\",\"@id\":\"https:\\\/\\\/www.bavariadirekt.de\\\/magazin\\\/#organization\",\"name\":\"BavariaDirekt Magazin\",\"url\":\"https:\\\/\\\/www.bavariadirekt.de\\\/magazin\\\/\",\"logo\":{\"@type\":\"ImageObject\",\"inLanguage\":\"de\",\"@id\":\"https:\\\/\\\/www.bavariadirekt.de\\\/magazin\\\/#\\\/schema\\\/logo\\\/image\\\/\",\"url\":\"https:\\\/\\\/www.bavariadirekt.de\\\/magazin\\\/wp-content\\\/uploads\\\/2023\\\/07\\\/Logo-Magazin.jpg\",\"contentUrl\":\"https:\\\/\\\/www.bavariadirekt.de\\\/magazin\\\/wp-content\\\/uploads\\\/2023\\\/07\\\/Logo-Magazin.jpg\",\"width\":272,\"height\":90,\"caption\":\"BavariaDirekt Magazin\"},\"image\":{\"@id\":\"https:\\\/\\\/www.bavariadirekt.de\\\/magazin\\\/#\\\/schema\\\/logo\\\/image\\\/\"}},{\"@type\":\"Person\",\"@id\":\"https:\\\/\\\/www.bavariadirekt.de\\\/magazin\\\/#\\\/schema\\\/person\\\/df82ea0fe377e8e755ab48342b25f7cb\",\"name\":\"Cornelia Scheffler\",\"description\":\"Cornelia arbeitet als Online-Redakteurin bei der BavariaDirekt. Ihr beruflicher Weg f\u00fchrte sie durch viele Redaktionen - von TV \u00fcber Print bis Online. Bei der BavariaDirekt kombiniert sie profundes Wissen zu Versicherungsprodukten mit Ihrem Sp\u00fcrsinn f\u00fcr aktuelle Leserinteressen rund um das Thema Versicherungen. Wenn sie frei hat spielt sie Cello und ist auf Flohm\u00e4rkten unterwegs.\",\"url\":\"https:\\\/\\\/www.bavariadirekt.de\\\/magazin\\\/author\\\/conny\\\/\"}]}<\/script>\n<!-- \/ Yoast SEO plugin. -->","yoast_head_json":{"title":"Altersvorsorgedepot \u2013 Altersvorsorge Reformgesetz | BavariaDirekt","description":"Altersvorsorgedepot: was ist das? Wie funktioniert es \u2713 F\u00f6rderung \u2713 Steuern \u2713 Worauf achten? \u25ba jetzt lesen!","robots":{"index":"index","follow":"follow","max-snippet":"max-snippet:-1","max-image-preview":"max-image-preview:large","max-video-preview":"max-video-preview:-1"},"canonical":"https:\/\/www.bavariadirekt.de\/magazin\/altersvorsorge-reformgesetz\/","og_locale":"de_DE","og_type":"article","og_title":"Altersvorsorgedepot \u2013 Altersvorsorge Reformgesetz | BavariaDirekt","og_description":"Altersvorsorgedepot: was ist das? Wie funktioniert es \u2713 F\u00f6rderung \u2713 Steuern \u2713 Worauf achten? \u25ba jetzt lesen!","og_url":"https:\/\/www.bavariadirekt.de\/magazin\/altersvorsorge-reformgesetz\/","og_site_name":"BavariaDirekt Magazin","article_published_time":"2026-09-01T14:32:18+00:00","article_modified_time":"2026-09-03T14:57:21+00:00","og_image":[{"width":1000,"height":666,"url":"https:\/\/www.bavariadirekt.de\/magazin\/wp-content\/uploads\/2026\/09\/altersvorsorgereformgesetz.jpg","type":"image\/jpeg"}],"author":"Cornelia Scheffler","twitter_card":"summary_large_image","twitter_misc":{"Verfasst von":"Cornelia Scheffler","Gesch\u00e4tzte Lesezeit":"11\u00a0Minuten"},"schema":{"@context":"https:\/\/schema.org","@graph":[{"@type":"Article","@id":"https:\/\/www.bavariadirekt.de\/magazin\/altersvorsorge-reformgesetz\/#article","isPartOf":{"@id":"https:\/\/www.bavariadirekt.de\/magazin\/altersvorsorge-reformgesetz\/"},"author":{"name":"Cornelia Scheffler","@id":"https:\/\/www.bavariadirekt.de\/magazin\/#\/schema\/person\/df82ea0fe377e8e755ab48342b25f7cb"},"headline":"Altersvorsorge-Reformgesetz \u2013 das staatlich gef\u00f6rderte Altersvorsorgedepot","datePublished":"2026-09-01T14:32:18+00:00","dateModified":"2026-09-03T14:57:21+00:00","mainEntityOfPage":{"@id":"https:\/\/www.bavariadirekt.de\/magazin\/altersvorsorge-reformgesetz\/"},"wordCount":1947,"publisher":{"@id":"https:\/\/www.bavariadirekt.de\/magazin\/#organization"},"image":{"@id":"https:\/\/www.bavariadirekt.de\/magazin\/altersvorsorge-reformgesetz\/#primaryimage"},"thumbnailUrl":"https:\/\/www.bavariadirekt.de\/magazin\/wp-content\/uploads\/2026\/09\/altersvorsorgereformgesetz.jpg","articleSection":["Leben und Gesundheit"],"inLanguage":"de"},{"@type":"WebPage","@id":"https:\/\/www.bavariadirekt.de\/magazin\/altersvorsorge-reformgesetz\/","url":"https:\/\/www.bavariadirekt.de\/magazin\/altersvorsorge-reformgesetz\/","name":"Altersvorsorgedepot \u2013 Altersvorsorge Reformgesetz | BavariaDirekt","isPartOf":{"@id":"https:\/\/www.bavariadirekt.de\/magazin\/#website"},"primaryImageOfPage":{"@id":"https:\/\/www.bavariadirekt.de\/magazin\/altersvorsorge-reformgesetz\/#primaryimage"},"image":{"@id":"https:\/\/www.bavariadirekt.de\/magazin\/altersvorsorge-reformgesetz\/#primaryimage"},"thumbnailUrl":"https:\/\/www.bavariadirekt.de\/magazin\/wp-content\/uploads\/2026\/09\/altersvorsorgereformgesetz.jpg","datePublished":"2026-09-01T14:32:18+00:00","dateModified":"2026-09-03T14:57:21+00:00","description":"Altersvorsorgedepot: was ist das? Wie funktioniert es \u2713 F\u00f6rderung \u2713 Steuern \u2713 Worauf achten? \u25ba jetzt lesen!","breadcrumb":{"@id":"https:\/\/www.bavariadirekt.de\/magazin\/altersvorsorge-reformgesetz\/#breadcrumb"},"inLanguage":"de","potentialAction":[{"@type":"ReadAction","target":["https:\/\/www.bavariadirekt.de\/magazin\/altersvorsorge-reformgesetz\/"]}]},{"@type":"ImageObject","inLanguage":"de","@id":"https:\/\/www.bavariadirekt.de\/magazin\/altersvorsorge-reformgesetz\/#primaryimage","url":"https:\/\/www.bavariadirekt.de\/magazin\/wp-content\/uploads\/2026\/09\/altersvorsorgereformgesetz.jpg","contentUrl":"https:\/\/www.bavariadirekt.de\/magazin\/wp-content\/uploads\/2026\/09\/altersvorsorgereformgesetz.jpg","width":1000,"height":666,"caption":"Gl\u00fcckliches Paar auf einer Bank in den Alpen"},{"@type":"BreadcrumbList","@id":"https:\/\/www.bavariadirekt.de\/magazin\/altersvorsorge-reformgesetz\/#breadcrumb","itemListElement":[{"@type":"ListItem","position":1,"name":"BavariaDirekt Magazin","item":"https:\/\/www.bavariadirekt.de\/magazin\/"},{"@type":"ListItem","position":2,"name":"Leben und Gesundheit","item":"https:\/\/www.bavariadirekt.de\/magazin\/leben-und-gesundheit\/"},{"@type":"ListItem","position":3,"name":"Altersvorsorge-Reformgesetz \u2013 das staatlich gef\u00f6rderte Altersvorsorgedepot"}]},{"@type":"WebSite","@id":"https:\/\/www.bavariadirekt.de\/magazin\/#website","url":"https:\/\/www.bavariadirekt.de\/magazin\/","name":"BavariaDirekt Magazin","description":"","publisher":{"@id":"https:\/\/www.bavariadirekt.de\/magazin\/#organization"},"potentialAction":[{"@type":"SearchAction","target":{"@type":"EntryPoint","urlTemplate":"https:\/\/www.bavariadirekt.de\/magazin\/?s={search_term_string}"},"query-input":{"@type":"PropertyValueSpecification","valueRequired":true,"valueName":"search_term_string"}}],"inLanguage":"de"},{"@type":"Organization","@id":"https:\/\/www.bavariadirekt.de\/magazin\/#organization","name":"BavariaDirekt Magazin","url":"https:\/\/www.bavariadirekt.de\/magazin\/","logo":{"@type":"ImageObject","inLanguage":"de","@id":"https:\/\/www.bavariadirekt.de\/magazin\/#\/schema\/logo\/image\/","url":"https:\/\/www.bavariadirekt.de\/magazin\/wp-content\/uploads\/2023\/07\/Logo-Magazin.jpg","contentUrl":"https:\/\/www.bavariadirekt.de\/magazin\/wp-content\/uploads\/2023\/07\/Logo-Magazin.jpg","width":272,"height":90,"caption":"BavariaDirekt Magazin"},"image":{"@id":"https:\/\/www.bavariadirekt.de\/magazin\/#\/schema\/logo\/image\/"}},{"@type":"Person","@id":"https:\/\/www.bavariadirekt.de\/magazin\/#\/schema\/person\/df82ea0fe377e8e755ab48342b25f7cb","name":"Cornelia Scheffler","description":"Cornelia arbeitet als Online-Redakteurin bei der BavariaDirekt. Ihr beruflicher Weg f\u00fchrte sie durch viele Redaktionen - von TV \u00fcber Print bis Online. Bei der BavariaDirekt kombiniert sie profundes Wissen zu Versicherungsprodukten mit Ihrem Sp\u00fcrsinn f\u00fcr aktuelle Leserinteressen rund um das Thema Versicherungen. Wenn sie frei hat spielt sie Cello und ist auf Flohm\u00e4rkten unterwegs.","url":"https:\/\/www.bavariadirekt.de\/magazin\/author\/conny\/"}]}},"_links":{"self":[{"href":"https:\/\/www.bavariadirekt.de\/magazin\/wp-json\/wp\/v2\/posts\/14136","targetHints":{"allow":["GET"]}}],"collection":[{"href":"https:\/\/www.bavariadirekt.de\/magazin\/wp-json\/wp\/v2\/posts"}],"about":[{"href":"https:\/\/www.bavariadirekt.de\/magazin\/wp-json\/wp\/v2\/types\/post"}],"author":[{"embeddable":true,"href":"https:\/\/www.bavariadirekt.de\/magazin\/wp-json\/wp\/v2\/users\/5"}],"replies":[{"embeddable":true,"href":"https:\/\/www.bavariadirekt.de\/magazin\/wp-json\/wp\/v2\/comments?post=14136"}],"version-history":[{"count":48,"href":"https:\/\/www.bavariadirekt.de\/magazin\/wp-json\/wp\/v2\/posts\/14136\/revisions"}],"predecessor-version":[{"id":14195,"href":"https:\/\/www.bavariadirekt.de\/magazin\/wp-json\/wp\/v2\/posts\/14136\/revisions\/14195"}],"wp:featuredmedia":[{"embeddable":true,"href":"https:\/\/www.bavariadirekt.de\/magazin\/wp-json\/wp\/v2\/media\/14135"}],"wp:attachment":[{"href":"https:\/\/www.bavariadirekt.de\/magazin\/wp-json\/wp\/v2\/media?parent=14136"}],"wp:term":[{"taxonomy":"category","embeddable":true,"href":"https:\/\/www.bavariadirekt.de\/magazin\/wp-json\/wp\/v2\/categories?post=14136"},{"taxonomy":"post_tag","embeddable":true,"href":"https:\/\/www.bavariadirekt.de\/magazin\/wp-json\/wp\/v2\/tags?post=14136"}],"curies":[{"name":"wp","href":"https:\/\/api.w.org\/{rel}","templated":true}]}}