{"id":11769,"date":"2025-10-01T11:39:01","date_gmt":"2025-10-01T09:39:01","guid":{"rendered":"https:\/\/www.bavariadirekt.de\/magazin\/?p=11769"},"modified":"2025-10-01T13:27:16","modified_gmt":"2025-10-01T11:27:16","slug":"erwerbsminderungsrente","status":"publish","type":"post","link":"https:\/\/www.bavariadirekt.de\/magazin\/erwerbsminderungsrente\/","title":{"rendered":"Erwerbsminderungsrente \u2013 so bekommen Sie die Leistung"},"content":{"rendered":"\t\t<div data-elementor-type=\"wp-post\" data-elementor-id=\"11769\" class=\"elementor elementor-11769\" data-elementor-post-type=\"post\">\n\t\t\t\t\t\t<section class=\"elementor-section elementor-top-section elementor-element elementor-element-8b93f50 elementor-section-boxed elementor-section-height-default elementor-section-height-default\" data-id=\"8b93f50\" data-element_type=\"section\" data-e-type=\"section\">\n\t\t\t\t\t\t<div class=\"elementor-container elementor-column-gap-default\">\n\t\t\t\t\t<div class=\"elementor-column elementor-col-100 elementor-top-column elementor-element elementor-element-236573f\" data-id=\"236573f\" data-element_type=\"column\" data-e-type=\"column\">\n\t\t\t<div class=\"elementor-widget-wrap elementor-element-populated\">\n\t\t\t\t\t\t<div class=\"elementor-element elementor-element-c30af3c elementor-widget elementor-widget-text-editor\" data-id=\"c30af3c\" data-element_type=\"widget\" data-e-type=\"widget\" data-widget_type=\"text-editor.default\">\n\t\t\t\t\t\t\t\t\t<p><strong>Wenn Krankheit oder Unfall dazu f\u00fchren, dass Sie Ihren Beruf nicht mehr wie gewohnt aus\u00fcben k\u00f6nnen, springt die Erwerbsminderungsrente ein. Doch wer hat Anspruch und wie hoch f\u00e4llt die Rente aus? Wir erkl\u00e4ren die wichtigsten Voraussetzungen, geben Tipps zur Antragstellung und zeigen, wie Sie die H\u00f6he der Erwerbsminderungsrente berechnen.<\/strong><\/p>\t\t\t\t\t\t\t\t<\/div>\n\t\t\t\t\t<\/div>\n\t\t<\/div>\n\t\t\t\t\t<\/div>\n\t\t<\/section>\n\t\t\t\t<section class=\"elementor-section elementor-top-section elementor-element elementor-element-e4f8d4d elementor-section-boxed elementor-section-height-default elementor-section-height-default\" data-id=\"e4f8d4d\" data-element_type=\"section\" data-e-type=\"section\">\n\t\t\t\t\t\t<div class=\"elementor-container elementor-column-gap-default\">\n\t\t\t\t\t<div class=\"elementor-column elementor-col-100 elementor-top-column elementor-element elementor-element-149e156\" data-id=\"149e156\" data-element_type=\"column\" data-e-type=\"column\">\n\t\t\t<div class=\"elementor-widget-wrap elementor-element-populated\">\n\t\t\t\t\t\t<div class=\"elementor-element elementor-element-b1d12f7 elementor-widget elementor-widget-text-editor\" data-id=\"b1d12f7\" data-element_type=\"widget\" data-e-type=\"widget\" data-widget_type=\"text-editor.default\">\n\t\t\t\t\t\t\t\t\t<h2>Was ist eine Erwerbsminderungsrente?<\/h2><p>Die Erwerbsminderungsrente (EM-Rente) ist eine gesetzliche Leistung der Deutschen Rentenversicherung f\u00fcr Menschen, die wegen Krankheit, Unfall oder Behinderung nicht mehr oder nur noch eingeschr\u00e4nkt arbeiten k\u00f6nnen. Sie wird ausgezahlt, wenn Rehabilitationsma\u00dfnahmen nicht ausreichen und die betroffene Person das Regelrenteneintrittsalter noch nicht erreicht hat. Die Leistung soll Einkommensverluste abmildern, ersetzt aber in vielen F\u00e4llen nur einen Teil des bisherigen Nettoverdienstes. Das ist einer der gr\u00f6\u00dften Nachteile der Erwerbsminderungsrente.<\/p><p>Rechtsgrundlagen und die grundlegende Berechnungsformel sind im Sozialgesetzbuch (SGB) VI verankert. Historisch geht die Erwerbsminderungsrente auf die Sozialgesetzgebung Bismarcks zur\u00fcck, die heutige Form existiert seit 2001. Die Anspruchsvoraussetzungen wurden pr\u00e4zisiert und mehr auf eine Reintegration in den Arbeitsmarkt ausgerichtet. So wird unter anderem medizinisch genau gepr\u00fcft, wie viele Stunden t\u00e4glich Betroffene noch arbeiten k\u00f6nnen. <\/p>\t\t\t\t\t\t\t\t<\/div>\n\t\t\t\t\t<\/div>\n\t\t<\/div>\n\t\t\t\t\t<\/div>\n\t\t<\/section>\n\t\t\t\t<section class=\"elementor-section elementor-top-section elementor-element elementor-element-2483d56 elementor-section-boxed elementor-section-height-default elementor-section-height-default\" data-id=\"2483d56\" data-element_type=\"section\" data-e-type=\"section\">\n\t\t\t\t\t\t<div class=\"elementor-container elementor-column-gap-default\">\n\t\t\t\t\t<div class=\"elementor-column elementor-col-100 elementor-top-column elementor-element elementor-element-7476f2b\" data-id=\"7476f2b\" data-element_type=\"column\" data-e-type=\"column\">\n\t\t\t<div class=\"elementor-widget-wrap elementor-element-populated\">\n\t\t\t\t\t\t<div class=\"elementor-element elementor-element-f97c93f elementor-widget elementor-widget-text-editor\" data-id=\"f97c93f\" data-element_type=\"widget\" data-e-type=\"widget\" data-widget_type=\"text-editor.default\">\n\t\t\t\t\t\t\t\t\t<h2>Anspruch und Voraussetzungen f\u00fcr eine Erwerbsminderungsrente<\/h2><p>Damit Sie einen Anspruch auf Erwerbsminderungsrente geltend machen k\u00f6nnen, m\u00fcssen sowohl <strong>versicherungsrechtliche als auch medizinische Voraussetzungen<\/strong> erf\u00fcllt sein.<br \/><strong>Versicherungsrechtlich gilt<\/strong><\/p><ul><li>Sie m\u00fcssen mindestens f\u00fcnf Jahre in der gesetzlichen Rentenversicherung versichert gewesen sein; man spricht hier von der sogenannten allgemeinen Wartezeit.<\/li><li>dass Sie zus\u00e4tzlich innerhalb der letzten f\u00fcnf Jahre vor Eintritt der Erwerbsminderung mindestens drei Jahre lang Pflichtbeitr\u00e4ge eingezahlt haben. (Pflichtbeitr\u00e4ge bedeutet: freiwillige Beitr\u00e4ge z\u00e4hlen nicht, es gelten nur Einzahlungen als Arbeitnehmer oder indirekt durch den Bezug von Arbeitslosengeld oder \u00e4hnliche Pflichtverh\u00e4ltnisse, z.B. Elterngeld oder Krankengeld.)<\/li><\/ul><p><strong><br \/>Medizinisch pr\u00fcft die Rentenversicherung<\/strong>, mithilfe \u00e4rztlicher Befunde und Gutachten, ob die Erwerbsf\u00e4higkeit tats\u00e4chlich so eingeschr\u00e4nkt ist, dass die Zahlung gerechtfertigt ist. Au\u00dferdem m\u00fcssen vor einer Bewilligung erfolgversprechende Rehama\u00dfnahmen zur Widererlangung der Arbeitsf\u00e4higkeit versucht worden sein.<br \/>In bestimmten F\u00e4llen gelten Sonderregelungen, weshalb sich eine individuelle Pr\u00fcfung fast immer lohnt. Zu den Sonderf\u00e4llen z\u00e4hlen:<\/p><ul><li>Wer schon vor dem Erreichen der allgemeinen 5-Jahres-Wartezeit <strong>voll und dauerhaft erwerbsgemindert war, kann Anspruch auf eine Wartezeit von 20 Jahren haben<\/strong>. Die Regel sch\u00fctzt jene, die nie eine Chance hatten, die 5 Jahre zu erreichen.<\/li><li>Zeiten in Werkst\u00e4tten f\u00fcr behinderte Menschen oder \u00e4hnlichen Einrichtungen lassen sich bei der Versicherungsdauer ber\u00fccksichtigen.<\/li><li>Bei fr\u00fchem Eintritt der Erwerbsminderung werden fiktive Zeiten (Zurechnungszeiten) angerechnet, die bei der Rentenberechnung als zus\u00e4tzliche Entgeltpunkte wirken.<\/li><li>Kindererziehungszeiten gelten als Ber\u00fccksichtigungszeiten und k\u00f6nnen Anspruch und Rentenh\u00f6he positiv beeinflussen, in der Regel bis zum 10. Lebensjahr des Kindes.<\/li><li>Auch nicht erwerbsm\u00e4\u00dfig geleistete Pflege bestimmter Angeh\u00f6riger l\u00e4sst sich als Ber\u00fccksichtigungs- oder Beitragszeit geltend machen.<\/li><li>Zeiten mit Leistungsbezug von z. B. Arbeitslosengeld oder Krankengeld werden unter bestimmten Bedingungen auf die Versicherungszeiten angerechnet.<\/li><li>Die Bewilligung von Erwerbsminderungsrenten erfolgt oft zun\u00e4chst befristet. Bei anhaltender Leistungseinschr\u00e4nkung kann sie sp\u00e4ter unbefristet erfolgen.<br \/><br \/><\/li><\/ul>\t\t\t\t\t\t\t\t<\/div>\n\t\t\t\t\t<\/div>\n\t\t<\/div>\n\t\t\t\t\t<\/div>\n\t\t<\/section>\n\t\t\t\t<section class=\"elementor-section elementor-top-section elementor-element elementor-element-200b60c elementor-section-boxed elementor-section-height-default elementor-section-height-default\" data-id=\"200b60c\" data-element_type=\"section\" data-e-type=\"section\">\n\t\t\t\t\t\t<div class=\"elementor-container elementor-column-gap-default\">\n\t\t\t\t\t<div class=\"elementor-column elementor-col-100 elementor-top-column elementor-element elementor-element-652877c\" data-id=\"652877c\" data-element_type=\"column\" data-e-type=\"column\">\n\t\t\t<div class=\"elementor-widget-wrap elementor-element-populated\">\n\t\t\t\t\t\t<div class=\"elementor-element elementor-element-2432949 elementor-widget elementor-widget-image\" data-id=\"2432949\" data-element_type=\"widget\" data-e-type=\"widget\" data-widget_type=\"image.default\">\n\t\t\t\t\t\t\t\t\t\t\t\t<figure class=\"wp-caption\">\n\t\t\t\t\t\t\t\t\t\t<img fetchpriority=\"high\" decoding=\"async\" width=\"768\" height=\"411\" src=\"https:\/\/www.bavariadirekt.de\/magazin\/wp-content\/uploads\/2025\/10\/erwerbsminderungsrente-gutachten-768x411.jpg\" class=\"attachment-medium_large size-medium_large wp-image-11775\" alt=\"Frau f\u00fcllt Antrag aus\" srcset=\"https:\/\/www.bavariadirekt.de\/magazin\/wp-content\/uploads\/2025\/10\/erwerbsminderungsrente-gutachten-768x411.jpg 768w, https:\/\/www.bavariadirekt.de\/magazin\/wp-content\/uploads\/2025\/10\/erwerbsminderungsrente-gutachten-300x161.jpg 300w, https:\/\/www.bavariadirekt.de\/magazin\/wp-content\/uploads\/2025\/10\/erwerbsminderungsrente-gutachten-1024x549.jpg 1024w, https:\/\/www.bavariadirekt.de\/magazin\/wp-content\/uploads\/2025\/10\/erwerbsminderungsrente-gutachten.jpg 1036w\" sizes=\"(max-width: 768px) 100vw, 768px\" \/>\t\t\t\t\t\t\t\t\t\t\t<figcaption class=\"widget-image-caption wp-caption-text\">Medizinische Gutachten sind eine wichtige Voraussetzung f\u00fcr den Erhalt von Erwerbsminderungsrente<\/figcaption>\n\t\t\t\t\t\t\t\t\t\t<\/figure>\n\t\t\t\t\t\t\t\t\t<\/div>\n\t\t\t\t\t<\/div>\n\t\t<\/div>\n\t\t\t\t\t<\/div>\n\t\t<\/section>\n\t\t\t\t<section class=\"elementor-section elementor-top-section elementor-element elementor-element-103ccd9 elementor-section-boxed elementor-section-height-default elementor-section-height-default\" data-id=\"103ccd9\" data-element_type=\"section\" data-e-type=\"section\">\n\t\t\t\t\t\t<div class=\"elementor-container elementor-column-gap-default\">\n\t\t\t\t\t<div class=\"elementor-column elementor-col-100 elementor-top-column elementor-element elementor-element-17f03a5\" data-id=\"17f03a5\" data-element_type=\"column\" data-e-type=\"column\">\n\t\t\t<div class=\"elementor-widget-wrap elementor-element-populated\">\n\t\t\t\t\t\t<div class=\"elementor-element elementor-element-6f07f46 elementor-widget elementor-widget-text-editor\" data-id=\"6f07f46\" data-element_type=\"widget\" data-e-type=\"widget\" data-widget_type=\"text-editor.default\">\n\t\t\t\t\t\t\t\t\t<h2>Erwerbsminderung und Berufsunf\u00e4higkeit <strong>\u2013<\/strong> das ist der Unterschied<\/h2><p>Die Begriffe <strong>Erwerbsminderung und Berufsunf\u00e4higkeit werden h\u00e4ufig verwechselt<\/strong>, sie haben aber unterschiedliche Bedeutungen. Die <strong>Erwerbsminderung ist eine gesetzliche Kategorie<\/strong> und beurteilt, ob jemand noch irgendeine T\u00e4tigkeit auf dem allgemeinen Arbeitsmarkt aus\u00fcben kann. Dabei z\u00e4hlen die Stunden, die t\u00e4glich zumutbar sind.<\/p><p>Die <strong>Berufsunf\u00e4higkeit ist dagegen ein Begriff aus privaten Vertr\u00e4gen<\/strong>. So wird bei einer privaten Berufsunf\u00e4higkeitsversicherung (BU) gepr\u00fcft, ob Sie Ihren zuletzt ausge\u00fcbten Beruf in der bisherigen konkreten Form noch aus\u00fcben k\u00f6nnen. Ist dies voraussichtlich dauerhaft zu weniger als 50 Prozent m\u00f6glich, sind Sie berufsunf\u00e4hig \u2013 und die Versicherung zahlt, sofern der Vertrag keine abweichenden Regelungen enth\u00e4lt. Sie k\u00f6nnen also gesetzlich noch als (teil-)erwerbsf\u00e4hig eingestuft werden, gleichzeitig aber aus Sicht einer privaten BU-Leistung bezugsberechtigt sein \u2013 oder umgekehrt. M\u00f6chten Sie sich umfassend absichern, sollten Sie also beide Systeme kennen und ggf. privat vorsorgen.<\/p>\t\t\t\t\t\t\t\t<\/div>\n\t\t\t\t\t<\/div>\n\t\t<\/div>\n\t\t\t\t\t<\/div>\n\t\t<\/section>\n\t\t\t\t<section class=\"elementor-section elementor-top-section elementor-element elementor-element-ef58aba elementor-section-boxed elementor-section-height-default elementor-section-height-default\" data-id=\"ef58aba\" data-element_type=\"section\" data-e-type=\"section\">\n\t\t\t\t\t\t<div class=\"elementor-container elementor-column-gap-default\">\n\t\t\t\t\t<div class=\"elementor-column elementor-col-100 elementor-top-column elementor-element elementor-element-3159158\" data-id=\"3159158\" data-element_type=\"column\" data-e-type=\"column\">\n\t\t\t<div class=\"elementor-widget-wrap elementor-element-populated\">\n\t\t\t\t\t\t<div class=\"elementor-element elementor-element-9dbbf7d elementor-widget elementor-widget-text-editor\" data-id=\"9dbbf7d\" data-element_type=\"widget\" data-e-type=\"widget\" data-widget_type=\"text-editor.default\">\n\t\t\t\t\t\t\t\t\t<h2>Was bedeutet volle und teilweise Erwerbsminderung?<\/h2><p>Rechtlich wird <strong>zwischen voller und teilweiser Erwerbsminderung unterschieden<\/strong> und damit der Leistungsumfang und Rentenartfaktor bestimmt:<\/p><ul><li>Als <strong>voll erwerbsgemindert<\/strong> gilt, wer auf dem allgemeinen Arbeitsmarkt weniger als drei Stunden t\u00e4glich arbeiten kann. In diesem Fall kommt in der Regel die volle Erwerbsminderungsrente in Betracht.<\/li><li><strong>Teilweise erwerbsgemindert<\/strong> ist, wer noch mindestens drei, aber weniger als sechs Stunden t\u00e4glich arbeiten kann. Dann besteht grunds\u00e4tzlich ein Anspruch auf eine halbe Erwerbsminderungsrente.<\/li><\/ul><p><br \/>Die Einstufung erfolgt anhand medizinischer Gutachten und realistischer Einsch\u00e4tzungen des Arbeitsmarktes. Sie beeinflusst auch den sogenannten Rentenartfaktor (volle EM = 1,0; teilweise EM = 0,5).<\/p>\t\t\t\t\t\t\t\t<\/div>\n\t\t\t\t\t<\/div>\n\t\t<\/div>\n\t\t\t\t\t<\/div>\n\t\t<\/section>\n\t\t\t\t<section class=\"elementor-section elementor-top-section elementor-element elementor-element-5e4bbc95 elementor-section-boxed elementor-section-height-default elementor-section-height-default\" data-id=\"5e4bbc95\" data-element_type=\"section\" data-e-type=\"section\">\n\t\t\t\t\t\t<div class=\"elementor-container elementor-column-gap-default\">\n\t\t\t\t\t<div class=\"elementor-column elementor-col-100 elementor-top-column elementor-element elementor-element-12f34ebe\" data-id=\"12f34ebe\" data-element_type=\"column\" data-e-type=\"column\">\n\t\t\t<div class=\"elementor-widget-wrap elementor-element-populated\">\n\t\t\t\t\t\t<section class=\"elementor-section elementor-inner-section elementor-element elementor-element-2deadb03 elementor-hidden-mobile elementor-section-boxed elementor-section-height-default elementor-section-height-default\" data-id=\"2deadb03\" data-element_type=\"section\" data-e-type=\"section\" data-settings=\"{&quot;background_background&quot;:&quot;gradient&quot;}\">\n\t\t\t\t\t\t<div class=\"elementor-container elementor-column-gap-default\">\n\t\t\t\t\t<div class=\"elementor-column elementor-col-50 elementor-inner-column elementor-element elementor-element-117cc9a2\" data-id=\"117cc9a2\" data-element_type=\"column\" data-e-type=\"column\">\n\t\t\t<div class=\"elementor-widget-wrap elementor-element-populated\">\n\t\t\t\t\t\t<div class=\"elementor-element elementor-element-480e87ac elementor-widget elementor-widget-text-editor\" data-id=\"480e87ac\" data-element_type=\"widget\" data-e-type=\"widget\" data-widget_type=\"text-editor.default\">\n\t\t\t\t\t\t\t\t\t<p>Krankenhauszusatzschutz \u2013 die beste Behandlung<\/p>\t\t\t\t\t\t\t\t<\/div>\n\t\t\t\t<div class=\"elementor-element elementor-element-6db6aab elementor-widget elementor-widget-text-editor\" data-id=\"6db6aab\" data-element_type=\"widget\" data-e-type=\"widget\" data-widget_type=\"text-editor.default\">\n\t\t\t\t\t\t\t\t\t<p>Sollten Sie nach einem Unfall oder einer Krankheit l\u00e4nger im Hospital liegen, erhalten Sie mit dem Schutz der <a href=\"\/pflege-gesundheit\/krankenhauszusatzversicherung\/produktinfos\/\">Krankenhauszusatzversicherung<\/a> bessere Leistungen wie beispielsweise den Anspruch auf ein ruhigeres Zimmer oder die Visite durch den Chefarzt. So erh\u00f6hen Sie Ihre Chancen auf Heilung und die Wiederherstellung Ihrer Arbeitsf\u00e4higkeit.<\/p>\t\t\t\t\t\t\t\t<\/div>\n\t\t\t\t<div class=\"elementor-element elementor-element-111f8627 elementor-widget elementor-widget-button\" data-id=\"111f8627\" data-element_type=\"widget\" data-e-type=\"widget\" data-widget_type=\"button.default\">\n\t\t\t\t\t\t\t\t\t\t<a class=\"elementor-button elementor-button-link elementor-size-sm\" href=\"\/pflege-gesundheit\/krankenhauszusatzversicherung\/produktinfos\/\">\n\t\t\t\t\t\t<span class=\"elementor-button-content-wrapper\">\n\t\t\t\t\t\t\t\t\t<span class=\"elementor-button-text\">Zum Zusatzschutz informieren<\/span>\n\t\t\t\t\t<\/span>\n\t\t\t\t\t<\/a>\n\t\t\t\t\t\t\t\t<\/div>\n\t\t\t\t\t<\/div>\n\t\t<\/div>\n\t\t\t\t<div class=\"elementor-column elementor-col-50 elementor-inner-column elementor-element elementor-element-48eb5253\" data-id=\"48eb5253\" data-element_type=\"column\" data-e-type=\"column\">\n\t\t\t<div class=\"elementor-widget-wrap elementor-element-populated\">\n\t\t\t\t\t\t<div class=\"elementor-element elementor-element-3b98c298 elementor-view-default elementor-widget elementor-widget-icon\" data-id=\"3b98c298\" data-element_type=\"widget\" data-e-type=\"widget\" data-widget_type=\"icon.default\">\n\t\t\t\t\t\t\t<div class=\"elementor-icon-wrapper\">\n\t\t\t<div class=\"elementor-icon\">\n\t\t\t<svg xmlns=\"http:\/\/www.w3.org\/2000\/svg\" xmlns:xlink=\"http:\/\/www.w3.org\/1999\/xlink\" id=\"Layer_1\" x=\"0px\" y=\"0px\" viewBox=\"0 0 150 150\" style=\"enable-background:new 0 0 150 150;\" xml:space=\"preserve\"><style type=\"text\/css\">\t.st0{fill:#FF0000;}\t.st1{fill:#0D57A6;}\t.st2{fill:#E6EEF6;}\t.st3{fill:#4A81BC;}\t.st4{fill:#FFFFFF;}\t.st5{fill:#3D79B8;}\t.st6{fill:#999999;}\t.st7{fill:#E6E6E6;}<\/style><g>\t<g id=\"Checkmark_00000108291497119380406630000006174318347611872161_\">\t\t\t\t\t<rect x=\"103.2\" y=\"35.2\" transform=\"matrix(0.7168 -0.6973 0.6973 0.7168 4.3753 82.6217)\" class=\"st4\" width=\"1.4\" height=\"1.4\"><\/rect>\t\t\t\t\t<rect x=\"101.7\" y=\"36.8\" transform=\"matrix(0.7169 -0.6972 0.6972 0.7169 2.8707 81.9561)\" class=\"st4\" width=\"1.4\" height=\"1.4\"><\/rect>\t\t\t\t\t<rect x=\"100.1\" y=\"38.3\" transform=\"matrix(0.7169 -0.6972 0.6972 0.7169 1.3692 81.2973)\" class=\"st4\" width=\"1.4\" height=\"1.4\"><\/rect>\t\t\t\t\t<rect x=\"101.7\" y=\"33.7\" transform=\"matrix(0.7169 -0.6972 0.6972 0.7169 5.0406 81.0902)\" class=\"st4\" width=\"1.3\" height=\"1.3\"><\/rect>\t\t\t\t\t<rect x=\"100.1\" y=\"35.2\" transform=\"matrix(0.7168 -0.6973 0.6973 0.7168 3.5425 80.4387)\" class=\"st4\" width=\"1.3\" height=\"1.3\"><\/rect>\t\t<rect x=\"98.6\" y=\"36.7\" transform=\"matrix(0.7168 -0.6973 0.6973 0.7168 2.0409 79.7799)\" class=\"st4\" width=\"1.3\" height=\"1.3\"><\/rect>\t\t\t\t\t<rect x=\"100.2\" y=\"32.1\" transform=\"matrix(0.7168 -0.6973 0.6973 0.7168 5.7126 79.5732)\" class=\"st4\" width=\"1.2\" height=\"1.2\"><\/rect>\t\t<rect x=\"98.6\" y=\"33.7\" transform=\"matrix(0.7168 -0.6973 0.6973 0.7168 4.2112 78.9146)\" class=\"st4\" width=\"1.2\" height=\"1.2\"><\/rect>\t\t<rect x=\"97.1\" y=\"35.2\" transform=\"matrix(0.7168 -0.6973 0.6973 0.7168 2.7096 78.2559)\" class=\"st4\" width=\"1.2\" height=\"1.2\"><\/rect>\t\t<rect x=\"98.7\" y=\"30.6\" transform=\"matrix(0.7167 -0.6973 0.6973 0.7167 6.3852 78.0565)\" class=\"st4\" width=\"1.2\" height=\"1.2\"><\/rect>\t\t<rect x=\"97.1\" y=\"32.1\" transform=\"matrix(0.7167 -0.6973 0.6973 0.7167 4.8836 77.3979)\" class=\"st4\" width=\"1.2\" height=\"1.2\"><\/rect>\t\t<rect x=\"95.6\" y=\"33.6\" transform=\"matrix(0.7167 -0.6973 0.6973 0.7167 3.3818 76.7392)\" class=\"st4\" width=\"1.2\" height=\"1.2\"><\/rect>\t\t<rect x=\"97.2\" y=\"29\" transform=\"matrix(0.7169 -0.6972 0.6972 0.7169 7.0444 76.5136)\" class=\"st4\" width=\"1.1\" height=\"1.1\"><\/rect>\t\t<rect x=\"95.6\" y=\"30.6\" transform=\"matrix(0.7167 -0.6973 0.6973 0.7167 5.5526 75.874)\" class=\"st4\" width=\"1.1\" height=\"1.1\"><\/rect>\t\t<rect x=\"94.1\" y=\"32.1\" transform=\"matrix(0.7167 -0.6973 0.6973 0.7167 4.0508 75.2153)\" class=\"st4\" width=\"1.1\" height=\"1.1\"><\/rect>\t\t<rect x=\"95.7\" y=\"27.5\" transform=\"matrix(0.7168 -0.6973 0.6973 0.7168 7.7171 74.9972)\" class=\"st4\" width=\"1\" height=\"1\"><\/rect>\t\t<rect x=\"94.1\" y=\"29\" transform=\"matrix(0.7169 -0.6972 0.6972 0.7169 6.2114 74.33)\" class=\"st4\" width=\"1\" height=\"1\"><\/rect>\t\t<rect x=\"92.6\" y=\"30.5\" transform=\"matrix(0.7169 -0.6972 0.6972 0.7169 4.7101 73.6713)\" class=\"st4\" width=\"1\" height=\"1\"><\/rect>\t\t<rect x=\"94.2\" y=\"26\" transform=\"matrix(0.7168 -0.6972 0.6972 0.7168 8.3856 73.4729)\" class=\"st4\" width=\"0.9\" height=\"0.9\"><\/rect>\t\t<rect x=\"92.6\" y=\"27.5\" transform=\"matrix(0.7168 -0.6972 0.6972 0.7168 6.8842 72.8143)\" class=\"st4\" width=\"0.9\" height=\"0.9\"><\/rect>\t\t<rect x=\"91.1\" y=\"29\" transform=\"matrix(0.7168 -0.6972 0.6972 0.7168 5.3827 72.1556)\" class=\"st4\" width=\"0.9\" height=\"0.9\"><\/rect>\t\t<rect x=\"92.7\" y=\"24.4\" transform=\"matrix(0.7168 -0.6972 0.6972 0.7168 9.0542 71.9483)\" class=\"st4\" width=\"0.8\" height=\"0.8\"><\/rect>\t\t<rect x=\"91.1\" y=\"25.9\" transform=\"matrix(0.7168 -0.6972 0.6972 0.7168 7.5528 71.2898)\" class=\"st4\" width=\"0.8\" height=\"0.8\"><\/rect>\t\t<rect x=\"89.6\" y=\"27.5\" transform=\"matrix(0.7168 -0.6972 0.6972 0.7168 6.0513 70.6311)\" class=\"st4\" width=\"0.8\" height=\"0.8\"><\/rect>\t\t<rect x=\"91.2\" y=\"22.9\" transform=\"matrix(0.7167 -0.6973 0.6973 0.7167 9.7287 70.4343)\" class=\"st4\" width=\"0.8\" height=\"0.8\"><\/rect>\t\t<rect x=\"89.6\" y=\"24.4\" transform=\"matrix(0.7167 -0.6973 0.6973 0.7167 8.227 69.7756)\" class=\"st4\" width=\"0.8\" height=\"0.8\"><\/rect>\t\t<rect x=\"88.1\" y=\"25.9\" transform=\"matrix(0.7167 -0.6973 0.6973 0.7167 6.7252 69.1168)\" class=\"st4\" width=\"0.8\" height=\"0.8\"><\/rect>\t\t\t\t\t<rect x=\"89.7\" y=\"21.3\" transform=\"matrix(0.7166 -0.6974 0.6974 0.7166 10.4046 68.9221)\" class=\"st4\" width=\"0.7\" height=\"0.7\"><\/rect>\t\t\t\t\t<rect x=\"88.4\" y=\"19.9\" transform=\"matrix(0.7169 -0.6971 0.6971 0.7169 10.9748 67.5442)\" class=\"st4\" width=\"0.6\" height=\"0.6\"><\/rect>\t\t<rect x=\"88.1\" y=\"22.8\" transform=\"matrix(0.7167 -0.6973 0.6973 0.7167 8.8962 68.2521)\" class=\"st4\" width=\"0.7\" height=\"0.7\"><\/rect>\t\t<polygon class=\"st4\" points=\"114.8,48.6 116.3,50.1 116.2,50.2 114.7,48.7 113.3,50.1 114.7,51.6 114.6,51.8 113.1,50.2     111.7,51.6 114.3,54.3 99.1,54.3 96.4,60.8 117.3,60.8 121,52 116.3,47.2   \"><\/polygon>\t\t\t\t\t<rect x=\"113.7\" y=\"46.1\" transform=\"matrix(0.7168 -0.6973 0.6973 0.7168 -0.3013 93.2902)\" class=\"st4\" width=\"1.9\" height=\"1.9\"><\/rect>\t\t\t\t\t<rect x=\"112.2\" y=\"47.6\" transform=\"matrix(0.7168 -0.6973 0.6973 0.7168 -1.8028 92.6314)\" class=\"st4\" width=\"1.9\" height=\"1.9\"><\/rect>\t\t\t\t\t<rect x=\"110.6\" y=\"49.1\" transform=\"matrix(0.7168 -0.6973 0.6973 0.7168 -3.3045 91.9727)\" class=\"st4\" width=\"1.9\" height=\"1.9\"><\/rect>\t\t\t\t\t<rect x=\"112.2\" y=\"44.5\" transform=\"matrix(0.7167 -0.6973 0.6973 0.7167 0.3698 91.7717)\" class=\"st4\" width=\"1.8\" height=\"1.8\"><\/rect>\t\t<rect x=\"110.7\" y=\"46\" transform=\"matrix(0.7167 -0.6973 0.6973 0.7167 -1.1318 91.113)\" class=\"st4\" width=\"1.8\" height=\"1.8\"><\/rect>\t\t\t\t\t<rect x=\"109.1\" y=\"47.5\" transform=\"matrix(0.7167 -0.6973 0.6973 0.7167 -2.6337 90.4543)\" class=\"st4\" width=\"1.8\" height=\"1.8\"><\/rect>\t\t<rect x=\"110.7\" y=\"43\" transform=\"matrix(0.7167 -0.6973 0.6973 0.7167 1.0386 90.2478)\" class=\"st4\" width=\"1.8\" height=\"1.8\"><\/rect>\t\t\t\t\t<rect x=\"109.2\" y=\"44.5\" transform=\"matrix(0.7168 -0.6972 0.6972 0.7168 -0.4687 89.5751)\" class=\"st4\" width=\"1.8\" height=\"1.8\"><\/rect>\t\t<rect x=\"107.6\" y=\"46\" transform=\"matrix(0.7168 -0.6972 0.6972 0.7168 -1.9702 88.9164)\" class=\"st4\" width=\"1.8\" height=\"1.8\"><\/rect>\t\t\t\t\t<rect x=\"109.2\" y=\"41.4\" transform=\"matrix(0.7168 -0.6972 0.6972 0.7168 1.7013 88.7092)\" class=\"st4\" width=\"1.7\" height=\"1.7\"><\/rect>\t\t\t\t\t<rect x=\"107.7\" y=\"42.9\" transform=\"matrix(0.7167 -0.6974 0.6974 0.7167 0.2084 88.0712)\" class=\"st4\" width=\"1.7\" height=\"1.7\"><\/rect>\t\t\t\t\t<rect x=\"106.1\" y=\"44.5\" transform=\"matrix(0.7167 -0.6974 0.6974 0.7167 -1.2936 87.4125)\" class=\"st4\" width=\"1.7\" height=\"1.7\"><\/rect>\t\t\t\t\t<rect x=\"107.7\" y=\"39.9\" transform=\"matrix(0.7168 -0.6973 0.6973 0.7168 2.3727 87.1912)\" class=\"st4\" width=\"1.6\" height=\"1.6\"><\/rect>\t\t\t\t\t<rect x=\"106.2\" y=\"41.4\" transform=\"matrix(0.7168 -0.6973 0.6973 0.7168 0.8712 86.5325)\" class=\"st4\" width=\"1.6\" height=\"1.6\"><\/rect>\t\t\t\t\t<rect x=\"104.6\" y=\"42.9\" transform=\"matrix(0.7168 -0.6973 0.6973 0.7168 -0.6305 85.8737)\" class=\"st4\" width=\"1.6\" height=\"1.6\"><\/rect>\t\t\t\t\t<rect x=\"106.2\" y=\"38.3\" transform=\"matrix(0.7167 -0.6973 0.6973 0.7167 3.0443 85.6736)\" class=\"st4\" width=\"1.5\" height=\"1.5\"><\/rect>\t\t<rect x=\"104.7\" y=\"39.8\" transform=\"matrix(0.7167 -0.6973 0.6973 0.7167 1.5426 85.015)\" class=\"st4\" width=\"1.5\" height=\"1.5\"><\/rect>\t\t\t\t\t<rect x=\"103.1\" y=\"41.4\" transform=\"matrix(0.7167 -0.6973 0.6973 0.7167 4.081385e-02 84.3562)\" class=\"st4\" width=\"1.5\" height=\"1.5\"><\/rect>\t\t\t\t\t<rect x=\"104.7\" y=\"36.8\" transform=\"matrix(0.7168 -0.6973 0.6973 0.7168 3.7101 84.1428)\" class=\"st4\" width=\"1.4\" height=\"1.4\"><\/rect>\t\t\t\t\t<rect x=\"103.2\" y=\"38.3\" transform=\"matrix(0.7169 -0.6972 0.6972 0.7169 2.2047 83.4751)\" class=\"st4\" width=\"1.4\" height=\"1.4\"><\/rect>\t\t\t\t\t<rect x=\"101.6\" y=\"39.8\" transform=\"matrix(0.7169 -0.6972 0.6972 0.7169 0.7031 82.8164)\" class=\"st4\" width=\"1.4\" height=\"1.4\"><\/rect>\t<\/g>\t<g id=\"House_00000140729097415262499240000015347873002991446964_\">\t\t<rect x=\"51.2\" y=\"70.9\" class=\"st4\" width=\"17.5\" height=\"14.9\"><\/rect>\t\t<rect x=\"80.5\" y=\"70.9\" class=\"st4\" width=\"17.5\" height=\"14.9\"><\/rect>\t\t<rect x=\"51.2\" y=\"93.8\" class=\"st4\" width=\"17.5\" height=\"14.9\"><\/rect>\t\t<rect x=\"80.5\" y=\"93.8\" class=\"st4\" width=\"17.5\" height=\"14.9\"><\/rect>\t\t<path class=\"st4\" d=\"M112.9,66.4v71.7H83.7v-21.5H66.2v21.5H39.8v-78l35,0c0,0,0,0,0,0l15.7,0l2.1-5.1H42.2c0,0,0,0,0,0l-7.6,0    c-0.1,0-0.3,0-0.5-0.3s0-0.5,0.1-0.5l40.6-41.3l9.2,9.4l0.6-6.7l-8-8.2c-0.5-0.5-1.1-0.8-1.8-0.8S73.5,7,73,7.5L53.5,27.3    L30.6,50.6c-1.6,1.6-2,4-1.2,6.1c0.9,2.1,2.9,3.4,5.2,3.4l0.1,0v80.6c0,1.4,1.1,2.6,2.6,2.6h78.2c1.4,0,2.6-1.1,2.6-2.6V66.5    L112.9,66.4z M44.8,36.2\"><\/path>\t<\/g>\t<g id=\"Shades_00000140736726846158082600000010590644948791006849_\">\t\t<polygon class=\"st5\" points=\"44.4,64.7 44.4,60.1 39.9,60.1 39.9,138.2 44.4,138.2 44.4,67.9   \"><\/polygon>\t\t<path class=\"st5\" d=\"M39.8,55L78,16.2l-3.2-3.2L34.2,54.2c-0.1,0.1-0.2,0.2-0.1,0.5s0.4,0.3,0.5,0.3L39.8,55z\"><\/path>\t<\/g>\t<polygon class=\"st4\" points=\"84.3,35.8 78.5,35.8 78.5,30 72,30 72,35.8 66.2,35.8 66.2,42.3 72,42.3 72,48.1 78.5,48.1 78.5,42.3    84.3,42.3  \"><\/polygon><\/g><\/svg>\t\t\t<\/div>\n\t\t<\/div>\n\t\t\t\t\t\t<\/div>\n\t\t\t\t\t<\/div>\n\t\t<\/div>\n\t\t\t\t\t<\/div>\n\t\t<\/section>\n\t\t\t\t<section class=\"elementor-section elementor-inner-section elementor-element elementor-element-60db0bda elementor-reverse-mobile elementor-hidden-desktop elementor-hidden-tablet elementor-section-boxed elementor-section-height-default elementor-section-height-default\" data-id=\"60db0bda\" data-element_type=\"section\" data-e-type=\"section\" data-settings=\"{&quot;background_background&quot;:&quot;classic&quot;}\">\n\t\t\t\t\t\t<div class=\"elementor-container elementor-column-gap-default\">\n\t\t\t\t\t<div class=\"elementor-column elementor-col-50 elementor-inner-column elementor-element elementor-element-48e115c5\" data-id=\"48e115c5\" data-element_type=\"column\" data-e-type=\"column\">\n\t\t\t<div class=\"elementor-widget-wrap elementor-element-populated\">\n\t\t\t\t\t\t<div class=\"elementor-element elementor-element-1d373ce3 elementor-widget elementor-widget-text-editor\" data-id=\"1d373ce3\" data-element_type=\"widget\" data-e-type=\"widget\" data-widget_type=\"text-editor.default\">\n\t\t\t\t\t\t\t\t\t<p>Krankenhauszusatz-<br \/>schutz \u2013 die beste Behandlung<\/p>\t\t\t\t\t\t\t\t<\/div>\n\t\t\t\t<div class=\"elementor-element elementor-element-3b8f6ed0 elementor-widget elementor-widget-text-editor\" data-id=\"3b8f6ed0\" data-element_type=\"widget\" data-e-type=\"widget\" data-widget_type=\"text-editor.default\">\n\t\t\t\t\t\t\t\t\t<p>Sollten Sie nach einem Unfall oder einer Krankheit l\u00e4nger im Hospital liegen, erhalten Sie mit dem Schutz der <a href=\"\/pflege-gesundheit\/krankenhauszusatzversicherung\/produktinfos\/\">Krankenhauszusatzversicherung<\/a> bessere Leistungen wie beispielsweise den Anspruch auf ein ruhigeres Zimmer oder die Visite durch den Chefarzt. So erh\u00f6hen Sie Ihre Chancen auf Heilung und die Wiederherstellung Ihrer Arbeitsf\u00e4higkeit.<\/p>\t\t\t\t\t\t\t\t<\/div>\n\t\t\t\t<div class=\"elementor-element elementor-element-5937b99b elementor-mobile-align-center elementor-widget elementor-widget-button\" data-id=\"5937b99b\" data-element_type=\"widget\" data-e-type=\"widget\" data-widget_type=\"button.default\">\n\t\t\t\t\t\t\t\t\t\t<a class=\"elementor-button elementor-button-link elementor-size-sm\" href=\"\/pflege-gesundheit\/krankenhauszusatzversicherung\/produktinfos\/\">\n\t\t\t\t\t\t<span class=\"elementor-button-content-wrapper\">\n\t\t\t\t\t\t\t\t\t<span class=\"elementor-button-text\">Jetzt berechnen<\/span>\n\t\t\t\t\t<\/span>\n\t\t\t\t\t<\/a>\n\t\t\t\t\t\t\t\t<\/div>\n\t\t\t\t\t<\/div>\n\t\t<\/div>\n\t\t\t\t<div class=\"elementor-column elementor-col-50 elementor-inner-column elementor-element elementor-element-5e39748a\" data-id=\"5e39748a\" data-element_type=\"column\" data-e-type=\"column\" data-settings=\"{&quot;background_background&quot;:&quot;classic&quot;}\">\n\t\t\t<div class=\"elementor-widget-wrap elementor-element-populated\">\n\t\t\t\t\t\t<div class=\"elementor-element elementor-element-29d006a1 elementor-view-default elementor-widget elementor-widget-icon\" data-id=\"29d006a1\" data-element_type=\"widget\" data-e-type=\"widget\" data-widget_type=\"icon.default\">\n\t\t\t\t\t\t\t<div class=\"elementor-icon-wrapper\">\n\t\t\t<div class=\"elementor-icon\">\n\t\t\t<svg xmlns=\"http:\/\/www.w3.org\/2000\/svg\" xmlns:xlink=\"http:\/\/www.w3.org\/1999\/xlink\" id=\"Layer_1\" x=\"0px\" y=\"0px\" viewBox=\"0 0 150 150\" style=\"enable-background:new 0 0 150 150;\" xml:space=\"preserve\"><style type=\"text\/css\">\t.st0{fill:#FF0000;}\t.st1{fill:#0D57A6;}\t.st2{fill:#E6EEF6;}\t.st3{fill:#4A81BC;}\t.st4{fill:#FFFFFF;}\t.st5{fill:#3D79B8;}\t.st6{fill:#999999;}\t.st7{fill:#E6E6E6;}<\/style><g>\t<g id=\"Checkmark_00000108291497119380406630000006174318347611872161_\">\t\t\t\t\t<rect x=\"103.2\" y=\"35.2\" transform=\"matrix(0.7168 -0.6973 0.6973 0.7168 4.3753 82.6217)\" class=\"st4\" width=\"1.4\" height=\"1.4\"><\/rect>\t\t\t\t\t<rect x=\"101.7\" y=\"36.8\" transform=\"matrix(0.7169 -0.6972 0.6972 0.7169 2.8707 81.9561)\" class=\"st4\" width=\"1.4\" height=\"1.4\"><\/rect>\t\t\t\t\t<rect x=\"100.1\" y=\"38.3\" transform=\"matrix(0.7169 -0.6972 0.6972 0.7169 1.3692 81.2973)\" class=\"st4\" width=\"1.4\" height=\"1.4\"><\/rect>\t\t\t\t\t<rect x=\"101.7\" y=\"33.7\" transform=\"matrix(0.7169 -0.6972 0.6972 0.7169 5.0406 81.0902)\" class=\"st4\" width=\"1.3\" height=\"1.3\"><\/rect>\t\t\t\t\t<rect x=\"100.1\" y=\"35.2\" transform=\"matrix(0.7168 -0.6973 0.6973 0.7168 3.5425 80.4387)\" class=\"st4\" width=\"1.3\" height=\"1.3\"><\/rect>\t\t<rect x=\"98.6\" y=\"36.7\" transform=\"matrix(0.7168 -0.6973 0.6973 0.7168 2.0409 79.7799)\" class=\"st4\" width=\"1.3\" height=\"1.3\"><\/rect>\t\t\t\t\t<rect x=\"100.2\" y=\"32.1\" transform=\"matrix(0.7168 -0.6973 0.6973 0.7168 5.7126 79.5732)\" class=\"st4\" width=\"1.2\" height=\"1.2\"><\/rect>\t\t<rect x=\"98.6\" y=\"33.7\" transform=\"matrix(0.7168 -0.6973 0.6973 0.7168 4.2112 78.9146)\" class=\"st4\" width=\"1.2\" height=\"1.2\"><\/rect>\t\t<rect x=\"97.1\" y=\"35.2\" transform=\"matrix(0.7168 -0.6973 0.6973 0.7168 2.7096 78.2559)\" class=\"st4\" width=\"1.2\" height=\"1.2\"><\/rect>\t\t<rect x=\"98.7\" y=\"30.6\" transform=\"matrix(0.7167 -0.6973 0.6973 0.7167 6.3852 78.0565)\" class=\"st4\" width=\"1.2\" height=\"1.2\"><\/rect>\t\t<rect x=\"97.1\" y=\"32.1\" transform=\"matrix(0.7167 -0.6973 0.6973 0.7167 4.8836 77.3979)\" class=\"st4\" width=\"1.2\" height=\"1.2\"><\/rect>\t\t<rect x=\"95.6\" y=\"33.6\" transform=\"matrix(0.7167 -0.6973 0.6973 0.7167 3.3818 76.7392)\" class=\"st4\" width=\"1.2\" height=\"1.2\"><\/rect>\t\t<rect x=\"97.2\" y=\"29\" transform=\"matrix(0.7169 -0.6972 0.6972 0.7169 7.0444 76.5136)\" class=\"st4\" width=\"1.1\" height=\"1.1\"><\/rect>\t\t<rect x=\"95.6\" y=\"30.6\" transform=\"matrix(0.7167 -0.6973 0.6973 0.7167 5.5526 75.874)\" class=\"st4\" width=\"1.1\" height=\"1.1\"><\/rect>\t\t<rect x=\"94.1\" y=\"32.1\" transform=\"matrix(0.7167 -0.6973 0.6973 0.7167 4.0508 75.2153)\" class=\"st4\" width=\"1.1\" height=\"1.1\"><\/rect>\t\t<rect x=\"95.7\" y=\"27.5\" transform=\"matrix(0.7168 -0.6973 0.6973 0.7168 7.7171 74.9972)\" class=\"st4\" width=\"1\" height=\"1\"><\/rect>\t\t<rect x=\"94.1\" y=\"29\" transform=\"matrix(0.7169 -0.6972 0.6972 0.7169 6.2114 74.33)\" class=\"st4\" width=\"1\" height=\"1\"><\/rect>\t\t<rect x=\"92.6\" y=\"30.5\" transform=\"matrix(0.7169 -0.6972 0.6972 0.7169 4.7101 73.6713)\" class=\"st4\" width=\"1\" height=\"1\"><\/rect>\t\t<rect x=\"94.2\" y=\"26\" transform=\"matrix(0.7168 -0.6972 0.6972 0.7168 8.3856 73.4729)\" class=\"st4\" width=\"0.9\" height=\"0.9\"><\/rect>\t\t<rect x=\"92.6\" y=\"27.5\" transform=\"matrix(0.7168 -0.6972 0.6972 0.7168 6.8842 72.8143)\" class=\"st4\" width=\"0.9\" height=\"0.9\"><\/rect>\t\t<rect x=\"91.1\" y=\"29\" transform=\"matrix(0.7168 -0.6972 0.6972 0.7168 5.3827 72.1556)\" class=\"st4\" width=\"0.9\" height=\"0.9\"><\/rect>\t\t<rect x=\"92.7\" y=\"24.4\" transform=\"matrix(0.7168 -0.6972 0.6972 0.7168 9.0542 71.9483)\" class=\"st4\" width=\"0.8\" height=\"0.8\"><\/rect>\t\t<rect x=\"91.1\" y=\"25.9\" transform=\"matrix(0.7168 -0.6972 0.6972 0.7168 7.5528 71.2898)\" class=\"st4\" width=\"0.8\" height=\"0.8\"><\/rect>\t\t<rect x=\"89.6\" y=\"27.5\" transform=\"matrix(0.7168 -0.6972 0.6972 0.7168 6.0513 70.6311)\" class=\"st4\" width=\"0.8\" height=\"0.8\"><\/rect>\t\t<rect x=\"91.2\" y=\"22.9\" transform=\"matrix(0.7167 -0.6973 0.6973 0.7167 9.7287 70.4343)\" class=\"st4\" width=\"0.8\" height=\"0.8\"><\/rect>\t\t<rect x=\"89.6\" y=\"24.4\" transform=\"matrix(0.7167 -0.6973 0.6973 0.7167 8.227 69.7756)\" class=\"st4\" width=\"0.8\" height=\"0.8\"><\/rect>\t\t<rect x=\"88.1\" y=\"25.9\" transform=\"matrix(0.7167 -0.6973 0.6973 0.7167 6.7252 69.1168)\" class=\"st4\" width=\"0.8\" height=\"0.8\"><\/rect>\t\t\t\t\t<rect x=\"89.7\" y=\"21.3\" transform=\"matrix(0.7166 -0.6974 0.6974 0.7166 10.4046 68.9221)\" class=\"st4\" width=\"0.7\" height=\"0.7\"><\/rect>\t\t\t\t\t<rect x=\"88.4\" y=\"19.9\" transform=\"matrix(0.7169 -0.6971 0.6971 0.7169 10.9748 67.5442)\" class=\"st4\" width=\"0.6\" height=\"0.6\"><\/rect>\t\t<rect x=\"88.1\" y=\"22.8\" transform=\"matrix(0.7167 -0.6973 0.6973 0.7167 8.8962 68.2521)\" class=\"st4\" width=\"0.7\" height=\"0.7\"><\/rect>\t\t<polygon class=\"st4\" points=\"114.8,48.6 116.3,50.1 116.2,50.2 114.7,48.7 113.3,50.1 114.7,51.6 114.6,51.8 113.1,50.2     111.7,51.6 114.3,54.3 99.1,54.3 96.4,60.8 117.3,60.8 121,52 116.3,47.2   \"><\/polygon>\t\t\t\t\t<rect x=\"113.7\" y=\"46.1\" transform=\"matrix(0.7168 -0.6973 0.6973 0.7168 -0.3013 93.2902)\" class=\"st4\" width=\"1.9\" height=\"1.9\"><\/rect>\t\t\t\t\t<rect x=\"112.2\" y=\"47.6\" transform=\"matrix(0.7168 -0.6973 0.6973 0.7168 -1.8028 92.6314)\" class=\"st4\" width=\"1.9\" height=\"1.9\"><\/rect>\t\t\t\t\t<rect x=\"110.6\" y=\"49.1\" transform=\"matrix(0.7168 -0.6973 0.6973 0.7168 -3.3045 91.9727)\" class=\"st4\" width=\"1.9\" height=\"1.9\"><\/rect>\t\t\t\t\t<rect x=\"112.2\" y=\"44.5\" transform=\"matrix(0.7167 -0.6973 0.6973 0.7167 0.3698 91.7717)\" class=\"st4\" width=\"1.8\" height=\"1.8\"><\/rect>\t\t<rect x=\"110.7\" y=\"46\" transform=\"matrix(0.7167 -0.6973 0.6973 0.7167 -1.1318 91.113)\" class=\"st4\" width=\"1.8\" height=\"1.8\"><\/rect>\t\t\t\t\t<rect x=\"109.1\" y=\"47.5\" transform=\"matrix(0.7167 -0.6973 0.6973 0.7167 -2.6337 90.4543)\" class=\"st4\" width=\"1.8\" height=\"1.8\"><\/rect>\t\t<rect x=\"110.7\" y=\"43\" transform=\"matrix(0.7167 -0.6973 0.6973 0.7167 1.0386 90.2478)\" class=\"st4\" width=\"1.8\" height=\"1.8\"><\/rect>\t\t\t\t\t<rect x=\"109.2\" y=\"44.5\" transform=\"matrix(0.7168 -0.6972 0.6972 0.7168 -0.4687 89.5751)\" class=\"st4\" width=\"1.8\" height=\"1.8\"><\/rect>\t\t<rect x=\"107.6\" y=\"46\" transform=\"matrix(0.7168 -0.6972 0.6972 0.7168 -1.9702 88.9164)\" class=\"st4\" width=\"1.8\" height=\"1.8\"><\/rect>\t\t\t\t\t<rect x=\"109.2\" y=\"41.4\" transform=\"matrix(0.7168 -0.6972 0.6972 0.7168 1.7013 88.7092)\" class=\"st4\" width=\"1.7\" height=\"1.7\"><\/rect>\t\t\t\t\t<rect x=\"107.7\" y=\"42.9\" transform=\"matrix(0.7167 -0.6974 0.6974 0.7167 0.2084 88.0712)\" class=\"st4\" width=\"1.7\" height=\"1.7\"><\/rect>\t\t\t\t\t<rect x=\"106.1\" y=\"44.5\" transform=\"matrix(0.7167 -0.6974 0.6974 0.7167 -1.2936 87.4125)\" class=\"st4\" width=\"1.7\" height=\"1.7\"><\/rect>\t\t\t\t\t<rect x=\"107.7\" y=\"39.9\" transform=\"matrix(0.7168 -0.6973 0.6973 0.7168 2.3727 87.1912)\" class=\"st4\" width=\"1.6\" height=\"1.6\"><\/rect>\t\t\t\t\t<rect x=\"106.2\" y=\"41.4\" transform=\"matrix(0.7168 -0.6973 0.6973 0.7168 0.8712 86.5325)\" class=\"st4\" width=\"1.6\" height=\"1.6\"><\/rect>\t\t\t\t\t<rect x=\"104.6\" y=\"42.9\" transform=\"matrix(0.7168 -0.6973 0.6973 0.7168 -0.6305 85.8737)\" class=\"st4\" width=\"1.6\" height=\"1.6\"><\/rect>\t\t\t\t\t<rect x=\"106.2\" y=\"38.3\" transform=\"matrix(0.7167 -0.6973 0.6973 0.7167 3.0443 85.6736)\" class=\"st4\" width=\"1.5\" height=\"1.5\"><\/rect>\t\t<rect x=\"104.7\" y=\"39.8\" transform=\"matrix(0.7167 -0.6973 0.6973 0.7167 1.5426 85.015)\" class=\"st4\" width=\"1.5\" height=\"1.5\"><\/rect>\t\t\t\t\t<rect x=\"103.1\" y=\"41.4\" transform=\"matrix(0.7167 -0.6973 0.6973 0.7167 4.081385e-02 84.3562)\" class=\"st4\" width=\"1.5\" height=\"1.5\"><\/rect>\t\t\t\t\t<rect x=\"104.7\" y=\"36.8\" transform=\"matrix(0.7168 -0.6973 0.6973 0.7168 3.7101 84.1428)\" class=\"st4\" width=\"1.4\" height=\"1.4\"><\/rect>\t\t\t\t\t<rect x=\"103.2\" y=\"38.3\" transform=\"matrix(0.7169 -0.6972 0.6972 0.7169 2.2047 83.4751)\" class=\"st4\" width=\"1.4\" height=\"1.4\"><\/rect>\t\t\t\t\t<rect x=\"101.6\" y=\"39.8\" transform=\"matrix(0.7169 -0.6972 0.6972 0.7169 0.7031 82.8164)\" class=\"st4\" width=\"1.4\" height=\"1.4\"><\/rect>\t<\/g>\t<g id=\"House_00000140729097415262499240000015347873002991446964_\">\t\t<rect x=\"51.2\" y=\"70.9\" class=\"st4\" width=\"17.5\" height=\"14.9\"><\/rect>\t\t<rect x=\"80.5\" y=\"70.9\" class=\"st4\" width=\"17.5\" height=\"14.9\"><\/rect>\t\t<rect x=\"51.2\" y=\"93.8\" class=\"st4\" width=\"17.5\" height=\"14.9\"><\/rect>\t\t<rect x=\"80.5\" y=\"93.8\" class=\"st4\" width=\"17.5\" height=\"14.9\"><\/rect>\t\t<path class=\"st4\" d=\"M112.9,66.4v71.7H83.7v-21.5H66.2v21.5H39.8v-78l35,0c0,0,0,0,0,0l15.7,0l2.1-5.1H42.2c0,0,0,0,0,0l-7.6,0    c-0.1,0-0.3,0-0.5-0.3s0-0.5,0.1-0.5l40.6-41.3l9.2,9.4l0.6-6.7l-8-8.2c-0.5-0.5-1.1-0.8-1.8-0.8S73.5,7,73,7.5L53.5,27.3    L30.6,50.6c-1.6,1.6-2,4-1.2,6.1c0.9,2.1,2.9,3.4,5.2,3.4l0.1,0v80.6c0,1.4,1.1,2.6,2.6,2.6h78.2c1.4,0,2.6-1.1,2.6-2.6V66.5    L112.9,66.4z M44.8,36.2\"><\/path>\t<\/g>\t<g id=\"Shades_00000140736726846158082600000010590644948791006849_\">\t\t<polygon class=\"st5\" points=\"44.4,64.7 44.4,60.1 39.9,60.1 39.9,138.2 44.4,138.2 44.4,67.9   \"><\/polygon>\t\t<path class=\"st5\" d=\"M39.8,55L78,16.2l-3.2-3.2L34.2,54.2c-0.1,0.1-0.2,0.2-0.1,0.5s0.4,0.3,0.5,0.3L39.8,55z\"><\/path>\t<\/g>\t<polygon class=\"st4\" points=\"84.3,35.8 78.5,35.8 78.5,30 72,30 72,35.8 66.2,35.8 66.2,42.3 72,42.3 72,48.1 78.5,48.1 78.5,42.3    84.3,42.3  \"><\/polygon><\/g><\/svg>\t\t\t<\/div>\n\t\t<\/div>\n\t\t\t\t\t\t<\/div>\n\t\t\t\t\t<\/div>\n\t\t<\/div>\n\t\t\t\t\t<\/div>\n\t\t<\/section>\n\t\t\t\t\t<\/div>\n\t\t<\/div>\n\t\t\t\t\t<\/div>\n\t\t<\/section>\n\t\t\t\t<section class=\"elementor-section elementor-top-section elementor-element elementor-element-0227519 elementor-section-boxed elementor-section-height-default elementor-section-height-default\" data-id=\"0227519\" data-element_type=\"section\" data-e-type=\"section\">\n\t\t\t\t\t\t<div class=\"elementor-container elementor-column-gap-default\">\n\t\t\t\t\t<div class=\"elementor-column elementor-col-100 elementor-top-column elementor-element elementor-element-34943c2\" data-id=\"34943c2\" data-element_type=\"column\" data-e-type=\"column\">\n\t\t\t<div class=\"elementor-widget-wrap elementor-element-populated\">\n\t\t\t\t\t\t<div class=\"elementor-element elementor-element-ca20868 elementor-widget elementor-widget-text-editor\" data-id=\"ca20868\" data-element_type=\"widget\" data-e-type=\"widget\" data-widget_type=\"text-editor.default\">\n\t\t\t\t\t\t\t\t\t<h2>Wo stelle ich den Antrag auf Erwerbsminderungsrente?<\/h2><p>Den Antrag stellen Sie bei Ihrem zust\u00e4ndigen Rentenversicherungstr\u00e4ger \u2013 das geht online, per Post oder pers\u00f6nlich. Die <a href=\"https:\/\/www.deutsche-rentenversicherung.de\/SharedDocs\/Formulare\/DE\/Formularpakete\/01_versicherte\/02_rente\/_DRV_Paket_Rente_Erwerbsminderung.html?utm_source=chatgpt.com\">Formulare<\/a> k\u00f6nnen Sie auf der Website der Deutschen Rentenversicherung (DRV) herunterladen. Neben dem Hauptantrag sind diverse Anlagen auszuf\u00fcllen und beizuf\u00fcgen. Sammeln Sie vorab \u00e4rztliche Befunde, Entlassungsberichte und Angaben zu behandelnden \u00c4rzten: Diese Unterlagen beschleunigen die Pr\u00fcfung und sind Teil des Antragsprozesses.<\/p><p>Da die Antragsformulare im typischen B\u00fcrokratendeutsch verfasst und nicht immer gut verst\u00e4ndlich sind, nehmen Sie am besten einen <a href=\"https:\/\/www.deutsche-rentenversicherung.de\/DRV\/DE\/Beratung-und-Kontakt\/Beratung-suchen-und-buchen\/beratung-suchen-und-buchen_node.html\">Beratungstermin<\/a> bei der DRV wahr. Eine entsprechende Stelle oder ein ehrenamtlicher Versicherungs\u00e4ltester findet sich in der Regel in Ihrer N\u00e4he. Die fachkundigen Berater helfen Ihnen beim Ausf\u00fcllen des Antrags auf Erwerbsminderungsrente.<\/p>\t\t\t\t\t\t\t\t<\/div>\n\t\t\t\t\t<\/div>\n\t\t<\/div>\n\t\t\t\t\t<\/div>\n\t\t<\/section>\n\t\t\t\t<section class=\"elementor-section elementor-top-section elementor-element elementor-element-2d6b387 elementor-section-boxed elementor-section-height-default elementor-section-height-default\" data-id=\"2d6b387\" data-element_type=\"section\" data-e-type=\"section\">\n\t\t\t\t\t\t<div class=\"elementor-container elementor-column-gap-default\">\n\t\t\t\t\t<div class=\"elementor-column elementor-col-100 elementor-top-column elementor-element elementor-element-f547068\" data-id=\"f547068\" data-element_type=\"column\" data-e-type=\"column\">\n\t\t\t<div class=\"elementor-widget-wrap elementor-element-populated\">\n\t\t\t\t\t\t<div class=\"elementor-element elementor-element-5505ca3 elementor-widget elementor-widget-image\" data-id=\"5505ca3\" data-element_type=\"widget\" data-e-type=\"widget\" data-widget_type=\"image.default\">\n\t\t\t\t\t\t\t\t\t\t\t\t<figure class=\"wp-caption\">\n\t\t\t\t\t\t\t\t\t\t<img decoding=\"async\" width=\"800\" height=\"534\" src=\"https:\/\/www.bavariadirekt.de\/magazin\/wp-content\/uploads\/2025\/10\/erwerbsminderungsrente-vorher-reha.jpg\" class=\"attachment-large size-large wp-image-11776\" alt=\"Mann und Frau beim Nordic Walking\" srcset=\"https:\/\/www.bavariadirekt.de\/magazin\/wp-content\/uploads\/2025\/10\/erwerbsminderungsrente-vorher-reha.jpg 1000w, https:\/\/www.bavariadirekt.de\/magazin\/wp-content\/uploads\/2025\/10\/erwerbsminderungsrente-vorher-reha-300x200.jpg 300w, https:\/\/www.bavariadirekt.de\/magazin\/wp-content\/uploads\/2025\/10\/erwerbsminderungsrente-vorher-reha-768x512.jpg 768w\" sizes=\"(max-width: 800px) 100vw, 800px\" \/>\t\t\t\t\t\t\t\t\t\t\t<figcaption class=\"widget-image-caption wp-caption-text\">Der Nachweis umfassender Rehama\u00dfnahmen ist eine wichtige Voraussetzung f\u00fcr die Bewilligung<\/figcaption>\n\t\t\t\t\t\t\t\t\t\t<\/figure>\n\t\t\t\t\t\t\t\t\t<\/div>\n\t\t\t\t\t<\/div>\n\t\t<\/div>\n\t\t\t\t\t<\/div>\n\t\t<\/section>\n\t\t\t\t<section class=\"elementor-section elementor-top-section elementor-element elementor-element-d0a7a92 elementor-section-boxed elementor-section-height-default elementor-section-height-default\" data-id=\"d0a7a92\" data-element_type=\"section\" data-e-type=\"section\">\n\t\t\t\t\t\t<div class=\"elementor-container elementor-column-gap-default\">\n\t\t\t\t\t<div class=\"elementor-column elementor-col-100 elementor-top-column elementor-element elementor-element-66c14a8\" data-id=\"66c14a8\" data-element_type=\"column\" data-e-type=\"column\">\n\t\t\t<div class=\"elementor-widget-wrap elementor-element-populated\">\n\t\t\t\t\t\t<div class=\"elementor-element elementor-element-9f37a7a elementor-widget elementor-widget-text-editor\" data-id=\"9f37a7a\" data-element_type=\"widget\" data-e-type=\"widget\" data-widget_type=\"text-editor.default\">\n\t\t\t\t\t\t\t\t\t<h2>H\u00f6he und Berechnung der Erwerbsminderungsrente<\/h2><p>Die Rentenh\u00f6he wird nach der bekannten Rentenformel aus Entgeltpunkten und weiteren Faktoren ermittelt, das Ergebnis ist individuell sehr unterschiedlich. Konkret berechnet sich die monatliche Leistung aus der Formel<\/p><p><strong>Entgeltpunkte \u00d7 Zugangsfaktor \u00d7 aktueller Rentenwert \u00d7 Rentenartfaktor.<\/strong><\/p><ul><li>Die <strong>Entgeltpunkte<\/strong> spiegeln Ihre bisherigen Verdienste relativ zum Durchschnittsverdienst wider. Zurechnungszeiten k\u00f6nnen bei fr\u00fchem Rentenbeginn fiktive Entgeltpunkte bis zur Regelaltersgrenze ber\u00fccksichtigen und so die Rente erh\u00f6hen.<\/li><li>Der <strong>Zugangsfaktor<\/strong> ber\u00fccksichtigt Abz\u00fcge beim vorzeitigen Rentenbeginn.<\/li><li>Der <strong>aktuelle Rentenwert<\/strong> ist der Euro-Wert eines Rentenpunkts. 2025 betr\u00e4gt er 40,79 Euro (Stand: Anpassung 1. Juli 2025).<\/li><li>Der <strong>Rentenartfaktor<\/strong> unterscheidet zwischen voller Rente (1,0; volle Erwerbsminderung) und halber Rente (0,5; teilweise Erwerbsminderung).<\/li><\/ul><p><br \/>Anhand unseres praktischen, vereinfachten Beispiels l\u00e4sst sich grunds\u00e4tzlich nachvollziehen, wie Sie die <strong>Erwerbsminderungsrente berechnen<\/strong>.<\/p><p>Angenommen, ein <strong>Versicherter verf\u00fcgt \u00fcber 20 Entgeltpunkte und es liegt eine volle Erwerbsminderung vor.<\/strong> Dann ist der <strong>Rentenartfaktor = 1,0<\/strong>, <strong>der Zugangsfaktor = 1,0 und der aktuelle Rentenwert = 40,79 Euro.<\/strong><\/p><p>Die Rechnung lautet: <strong>20 \u00d7 1,0 \u00d7 40,79 \u00d7 1,0 = 815,80 Euro<\/strong> brutto pro Monat.<\/p><p>In der Praxis kommen bei der Berechnung der Erwerbsminderungsrente viele weitere Einflussfaktoren dazu, etwa Abschl\u00e4ge, Zurechnungen sowie Steuer- und Krankenversicherungsabz\u00fcge. Ein fiktives, praxisnahes Beispiel mit vereinfachten Werten und folgenden Annahmen veranschaulicht die Kalkulation:<\/p><ul><li>Alter bei Rentenbeginn: 45 Jahre (Eintritt der vollen Erwerbsminderung: 01.01.2025)<\/li><li>Tats\u00e4chliche Beitragsjahre: 20 Jahre mit je 1,0 Entgeltpunkten = 20,0 EP<\/li><li>Durchschnittliche j\u00e4hrliche Entgeltpunkt\u2010Gutschrift (fiktiv): 1,0 EP\/Jahr<br \/><br \/><\/li><\/ul>\t\t\t\t\t\t\t\t<\/div>\n\t\t\t\t\t<\/div>\n\t\t<\/div>\n\t\t\t\t\t<\/div>\n\t\t<\/section>\n\t\t\t\t<section class=\"elementor-section elementor-top-section elementor-element elementor-element-4a488d7 elementor-section-boxed elementor-section-height-default elementor-section-height-default\" data-id=\"4a488d7\" data-element_type=\"section\" data-e-type=\"section\">\n\t\t\t\t\t\t<div class=\"elementor-container elementor-column-gap-default\">\n\t\t\t\t\t<div class=\"elementor-column elementor-col-100 elementor-top-column elementor-element elementor-element-9a85689\" data-id=\"9a85689\" data-element_type=\"column\" data-e-type=\"column\">\n\t\t\t<div class=\"elementor-widget-wrap elementor-element-populated\">\n\t\t\t\t\t\t<div class=\"elementor-element elementor-element-bc640ed elementor-widget elementor-widget-shortcode\" data-id=\"bc640ed\" data-element_type=\"widget\" data-e-type=\"widget\" data-widget_type=\"shortcode.default\">\n\t\t\t\t\t\t\t<div class=\"elementor-shortcode\">\n<table id=\"tablepress-27\" class=\"tablepress tablepress-id-27\">\n<thead>\n<tr class=\"row-1\">\n\t<th class=\"column-1\"><strong>Schritt<\/strong><\/th><th class=\"column-2\"><strong>Erl\u00e4uterung<\/strong><\/th><th class=\"column-3\"><strong>Wert<\/strong><\/th>\n<\/tr>\n<\/thead>\n<tbody class=\"row-hover\">\n<tr class=\"row-2\">\n\t<td class=\"column-1\">1. Beitragszeiten<\/td><td class=\"column-2\">20 Jahre \u00d7 1,0 EP<\/td><td class=\"column-3\">20,00 EP<\/td>\n<\/tr>\n<tr class=\"row-3\">\n\t<td class=\"column-1\">2. Zurechnungszeit (2025)<\/td><td class=\"column-2\">Zurechnung bis 66 Jahre und 2 Monate (bei Rentenbeginn 2025) = 21 Jahre 2 Monate, ca. 21,17 Jahre \u00d7 1,0 EP<\/td><td class=\"column-3\">21,17 EP<\/td>\n<\/tr>\n<tr class=\"row-4\">\n\t<td class=\"column-1\">3. Gesamt-Entgeltpunkte<\/td><td class=\"column-2\">20,00 + 21,17<\/td><td class=\"column-3\">41,17 EP<\/td>\n<\/tr>\n<tr class=\"row-5\">\n\t<td class=\"column-1\">4. Zugangsfaktor (Abschlag)<\/td><td class=\"column-2\">maximaler Abschlag bei vorzeitigem Bezug = 10,8 %, also Faktor 0,892<\/td><td class=\"column-3\">0,892<\/td>\n<\/tr>\n<tr class=\"row-6\">\n\t<td class=\"column-1\">5. Rentenartfaktor<\/td><td class=\"column-2\">volle Erwerbsminderung = 1,0<\/td><td class=\"column-3\">1,0<\/td>\n<\/tr>\n<tr class=\"row-7\">\n\t<td class=\"column-1\">6. Aktueller Rentenwert<\/td><td class=\"column-2\">Wert pro Entgeltpunkt (Stand 01.07.2025)<\/td><td class=\"column-3\">40,79 Euro<\/td>\n<\/tr>\n<tr class=\"row-8\">\n\t<td class=\"column-1\">7. Bruttorente (Rechnung)<\/td><td class=\"column-2\">41,17 \u00d7 0,892 \u00d7 1,0 \u00d7 40,79 Euro<\/td><td class=\"column-3\">1.497,84 Euro brutto\/Monat<\/td>\n<\/tr>\n<tr class=\"row-9\">\n\t<td class=\"column-1\">8. Nettorente (vereinfacht)<\/td><td class=\"column-2\">Abzug KV\/PV-Beitr\u00e4ge (angenommen ca. 11 %)<\/td><td class=\"column-3\">ca. 1.333 Euro netto\/Monat<\/td>\n<\/tr>\n<\/tbody>\n<\/table>\n<!-- #tablepress-27 from cache --><\/div>\n\t\t\t\t\t\t<\/div>\n\t\t\t\t\t<\/div>\n\t\t<\/div>\n\t\t\t\t\t<\/div>\n\t\t<\/section>\n\t\t\t\t<section class=\"elementor-section elementor-top-section elementor-element elementor-element-5d3ec81 elementor-section-boxed elementor-section-height-default elementor-section-height-default\" data-id=\"5d3ec81\" data-element_type=\"section\" data-e-type=\"section\">\n\t\t\t\t\t\t<div class=\"elementor-container elementor-column-gap-default\">\n\t\t\t\t\t<div class=\"elementor-column elementor-col-100 elementor-top-column elementor-element elementor-element-bcd5985\" data-id=\"bcd5985\" data-element_type=\"column\" data-e-type=\"column\">\n\t\t\t<div class=\"elementor-widget-wrap elementor-element-populated\">\n\t\t\t\t\t\t<div class=\"elementor-element elementor-element-be8a324 elementor-widget elementor-widget-text-editor\" data-id=\"be8a324\" data-element_type=\"widget\" data-e-type=\"widget\" data-widget_type=\"text-editor.default\">\n\t\t\t\t\t\t\t\t\t<p>F\u00fcr eine individuelle Kalkulation der H\u00f6he Ihrer Erwerbsminderungsrente k\u00f6nnen Sie einen verl\u00e4sslichen <a href=\"https:\/\/www.smart-rechner.de\/erwerbsminderungsrente\/rechner.php\">Online-Rentenrechner<\/a> nutzen.<\/p>\t\t\t\t\t\t\t\t<\/div>\n\t\t\t\t\t<\/div>\n\t\t<\/div>\n\t\t\t\t\t<\/div>\n\t\t<\/section>\n\t\t\t\t<section class=\"elementor-section elementor-top-section elementor-element elementor-element-0af8fcd elementor-section-boxed elementor-section-height-default elementor-section-height-default\" data-id=\"0af8fcd\" data-element_type=\"section\" data-e-type=\"section\">\n\t\t\t\t\t\t<div class=\"elementor-container elementor-column-gap-default\">\n\t\t\t\t\t<div class=\"elementor-column elementor-col-100 elementor-top-column elementor-element elementor-element-65edca6\" data-id=\"65edca6\" data-element_type=\"column\" data-e-type=\"column\">\n\t\t\t<div class=\"elementor-widget-wrap elementor-element-populated\">\n\t\t\t\t\t\t<div class=\"elementor-element elementor-element-975c638 elementor-widget elementor-widget-text-editor\" data-id=\"975c638\" data-element_type=\"widget\" data-e-type=\"widget\" data-widget_type=\"text-editor.default\">\n\t\t\t\t\t\t\t\t\t<h2>Erwerbsminderungsrente und Nebenjob \u2013 das gilt<\/h2><p>Wer eine Erwerbsminderungsrente erh\u00e4lt, darf grunds\u00e4tzlich hinzuverdienen. Die zul\u00e4ssigen Betr\u00e4ge und die Anrechnung unterscheiden sich aber je nach Einstufung. F\u00fcr Personen mit voller Erwerbsminderungsrente gilt eine kalenderj\u00e4hrliche Mindest-Hinzuverdienstgrenze, die sich am Durchschnittsentgelt orientiert. F\u00fcr das Jahr 2025 wurde diese Grenze auf 19.661,25 Euro festgelegt. Wird diese Grenze \u00fcberschritten, kann ein Teil des Hinzuverdienstes auf die Rente angerechnet werden. Die konkreten Abz\u00fcge werden dabei individuell berechnet.<\/p><p>Bei teilweiser Erwerbsminderung ist das Restleistungsverm\u00f6gen bereits in der Rentenbemessung ber\u00fccksichtigt. Die Mindest-Hinzuverdienstgrenze liegt 2025 mindestens bei 39.322,50 Euro, ist aber wiederum individuell zu berechnen und h\u00e4ngt u. a. von Ihren zuvor erzielten Entgeltpunkten ab.<\/p><p>Die Hinzuverdienstgrenze gilt kalenderj\u00e4hrlich und steigt j\u00e4hrlich zum 1. Januar. Sie l\u00e4sst sich durch besondere Regelungen, z. B. Probezeitr\u00e4ume f\u00fcr gelegentliche Mehrarbeit, erh\u00f6hen \u2013 kl\u00e4ren Sie vor Aufnahme einer Nebent\u00e4tigkeit die konkreten Werte mit der DRV.<\/p>\t\t\t\t\t\t\t\t<\/div>\n\t\t\t\t\t<\/div>\n\t\t<\/div>\n\t\t\t\t\t<\/div>\n\t\t<\/section>\n\t\t\t\t<section class=\"elementor-section elementor-top-section elementor-element elementor-element-426fab1 elementor-section-boxed elementor-section-height-default elementor-section-height-default\" data-id=\"426fab1\" data-element_type=\"section\" data-e-type=\"section\">\n\t\t\t\t\t\t<div class=\"elementor-container elementor-column-gap-default\">\n\t\t\t\t\t<div class=\"elementor-column elementor-col-100 elementor-top-column elementor-element elementor-element-c546244\" data-id=\"c546244\" data-element_type=\"column\" data-e-type=\"column\">\n\t\t\t<div class=\"elementor-widget-wrap elementor-element-populated\">\n\t\t\t\t\t\t<div class=\"elementor-element elementor-element-e1360f8 elementor-widget elementor-widget-image\" data-id=\"e1360f8\" data-element_type=\"widget\" data-e-type=\"widget\" data-widget_type=\"image.default\">\n\t\t\t\t\t\t\t\t\t\t\t\t<figure class=\"wp-caption\">\n\t\t\t\t\t\t\t\t\t\t<img decoding=\"async\" width=\"768\" height=\"511\" src=\"https:\/\/www.bavariadirekt.de\/magazin\/wp-content\/uploads\/2025\/10\/erwerbsminderungsrente-kindererziehungszeit-768x511.jpeg\" class=\"attachment-medium_large size-medium_large wp-image-11814\" alt=\"Vater mit kleinen Kindern\" srcset=\"https:\/\/www.bavariadirekt.de\/magazin\/wp-content\/uploads\/2025\/10\/erwerbsminderungsrente-kindererziehungszeit-768x511.jpeg 768w, https:\/\/www.bavariadirekt.de\/magazin\/wp-content\/uploads\/2025\/10\/erwerbsminderungsrente-kindererziehungszeit-300x200.jpeg 300w, https:\/\/www.bavariadirekt.de\/magazin\/wp-content\/uploads\/2025\/10\/erwerbsminderungsrente-kindererziehungszeit.jpeg 1000w\" sizes=\"(max-width: 768px) 100vw, 768px\" \/>\t\t\t\t\t\t\t\t\t\t\t<figcaption class=\"widget-image-caption wp-caption-text\">Kindererziehungszeiten k\u00f6nnen auf die Erwerbsminderungsrente angerechnet werden<\/figcaption>\n\t\t\t\t\t\t\t\t\t\t<\/figure>\n\t\t\t\t\t\t\t\t\t<\/div>\n\t\t\t\t\t<\/div>\n\t\t<\/div>\n\t\t\t\t\t<\/div>\n\t\t<\/section>\n\t\t\t\t<section class=\"elementor-section elementor-top-section elementor-element elementor-element-b52f02a elementor-section-boxed elementor-section-height-default elementor-section-height-default\" data-id=\"b52f02a\" data-element_type=\"section\" data-e-type=\"section\">\n\t\t\t\t\t\t<div class=\"elementor-container elementor-column-gap-default\">\n\t\t\t\t\t<div class=\"elementor-column elementor-col-100 elementor-top-column elementor-element elementor-element-c21a04f\" data-id=\"c21a04f\" data-element_type=\"column\" data-e-type=\"column\">\n\t\t\t<div class=\"elementor-widget-wrap elementor-element-populated\">\n\t\t\t\t\t\t<div class=\"elementor-element elementor-element-ff78d5a elementor-widget elementor-widget-text-editor\" data-id=\"ff78d5a\" data-element_type=\"widget\" data-e-type=\"widget\" data-widget_type=\"text-editor.default\">\n\t\t\t\t\t\t\t\t\t<h2>7 Tipps zur Erwerbsminderungsrente<\/h2><p>Mit guter Planung erh\u00f6hen Sie die Chance auf eine faire Pr\u00fcfung und vermeiden unn\u00f6tige Fehler bei Antrag und Nachweisen f\u00fcr die Erwerbsminderungsrente.<\/p><ol><li>Sammeln Sie fr\u00fchzeitig alle relevanten Unterlagen wie \u00e4rztliche Befunde, Reha-Berichte, Nachweise \u00fcber Beitragszeiten und Pflege- bzw. Kindererziehungszeiten.<\/li><li>Nutzen Sie f\u00fcr die Antragstellung die Beratungsstellen der Deutschen Rentenversicherung oder Sozialverb\u00e4nde (z. B. VdK, SoVD) \u2013 Sie helfen Ihnen beim Ausf\u00fcllen und Einreichen.<\/li><li>Haben Sie alle Reha-Ma\u00dfnahmen ausgesch\u00f6pft? Im Normalfall pr\u00fcft die Rentenversicherung zuerst, ob medizinische oder berufliche Rehabilitation eine Alternative zur Rente ist.<\/li><li>Wer noch eingeschr\u00e4nkt arbeiten kann, sollte auch pr\u00fcfen, ob die teilweise Erwerbsminderungsrente mit einem Nebenjob kombinierbar ist.<\/li><li>Sorgen Sie privat vor: Eine Berufsunf\u00e4higkeitsversicherung oder private Erwerbsunf\u00e4higkeitsversicherung kann finanzielle Nachteile abfedern.<\/li><li>Pr\u00fcfen Sie die regelm\u00e4\u00dfige Renteninformation, um die H\u00f6he der Erwerbsminderungsrente realistisch einsch\u00e4tzen zu k\u00f6nnen.<\/li><li>Beachten Sie die gesetzlichen Fristen und stellen Sie Antr\u00e4ge und Widerspr\u00fcche rechtzeitig.<br \/><br \/><\/li><\/ol>\t\t\t\t\t\t\t\t<\/div>\n\t\t\t\t\t<\/div>\n\t\t<\/div>\n\t\t\t\t\t<\/div>\n\t\t<\/section>\n\t\t\t\t<section class=\"elementor-section elementor-top-section elementor-element elementor-element-64dce60 elementor-section-boxed elementor-section-height-default elementor-section-height-default\" data-id=\"64dce60\" data-element_type=\"section\" data-e-type=\"section\">\n\t\t\t\t\t\t<div class=\"elementor-container elementor-column-gap-default\">\n\t\t\t\t\t<div class=\"elementor-column elementor-col-100 elementor-top-column elementor-element elementor-element-3c1937f\" data-id=\"3c1937f\" data-element_type=\"column\" data-e-type=\"column\">\n\t\t\t<div class=\"elementor-widget-wrap elementor-element-populated\">\n\t\t\t\t\t\t<div class=\"elementor-element elementor-element-a0a779c elementor-widget elementor-widget-text-editor\" data-id=\"a0a779c\" data-element_type=\"widget\" data-e-type=\"widget\" data-widget_type=\"text-editor.default\">\n\t\t\t\t\t\t\t\t\t<h2>Die Erwerbsminderungsrente ist nur die halbe Vorsorge<\/h2><p>Die gesetzliche Erwerbsminderungsrente sch\u00fctzt Sie zwar vor einem finanziellen Desaster, hat aber klare Grenzen. Zu den typischen Nachteilen geh\u00f6rt, dass die Erwerbsminderungsrente h\u00e4ufig deutlich unter dem bisherigen Nettogehalt liegt, dass Abschl\u00e4ge oder Abz\u00fcge die Leistung reduzieren k\u00f6nnen und dass Hinzuverdienstregelungen die Aufnahme von Nebenjobs beschr\u00e4nken oder die Rente mindern k\u00f6nnen. Au\u00dferdem k\u00f6nnen Wartezeiten und Nachweispflichten dazu f\u00fchren, dass ein Antrag nicht sofort oder nur teilweise erfolgreich ist \u2013 m\u00f6chten Sie Engp\u00e4sse vermeiden, sollten Sie fr\u00fchzeitig private Vorsorge treffen und bei der Antragstellung alles sorgf\u00e4ltig dokumentieren.<\/p><p>Die Berufsunf\u00e4higkeitsversicherung ist eine wichtige pers\u00f6nliche Vorsorge f\u00fcr Angestellte und vor allem auch Selbst\u00e4ndige. Lesen Sie, welche <a href=\"\/magazin\/versicherungen-fuer-selbststaendige\/\">Versicherungen f\u00fcr Selbst\u00e4ndige<\/a> noch wichtig sind. Und auch Familien mit einem Hauptverdiener sch\u00fctzt sie vor dem finanziellen Ruin. Wir haben alles Wissenswerte \u00fcber <a href=\"\/magazin\/partnerversicherung\/\">Partnerversicherungen<\/a> f\u00fcr Sie zusammengestellt.<\/p>\t\t\t\t\t\t\t\t<\/div>\n\t\t\t\t\t<\/div>\n\t\t<\/div>\n\t\t\t\t\t<\/div>\n\t\t<\/section>\n\t\t\t\t<section class=\"elementor-section elementor-top-section elementor-element elementor-element-3ded47f elementor-section-boxed elementor-section-height-default elementor-section-height-default\" data-id=\"3ded47f\" data-element_type=\"section\" data-e-type=\"section\">\n\t\t\t\t\t\t<div class=\"elementor-container elementor-column-gap-default\">\n\t\t\t\t\t<div class=\"elementor-column elementor-col-100 elementor-top-column elementor-element elementor-element-e4d7567\" data-id=\"e4d7567\" data-element_type=\"column\" data-e-type=\"column\">\n\t\t\t<div class=\"elementor-widget-wrap elementor-element-populated\">\n\t\t\t\t\t\t<div class=\"elementor-element elementor-element-d76c04e elementor-widget elementor-widget-text-editor\" data-id=\"d76c04e\" data-element_type=\"widget\" data-e-type=\"widget\" data-widget_type=\"text-editor.default\">\n\t\t\t\t\t\t\t\t\t<p>Bildnachweis:<br \/>Titelbild: stock.adobe.com\/sebra, Bild 2: stock.adobe.com\/KMPZZZ, Bild 3: stock.adobe.com\/pictworks, Bild 4: stock.adobe.com\/Ananass<\/p>\t\t\t\t\t\t\t\t<\/div>\n\t\t\t\t\t<\/div>\n\t\t<\/div>\n\t\t\t\t\t<\/div>\n\t\t<\/section>\n\t\t\t\t<\/div>\n\t\t","protected":false},"excerpt":{"rendered":"<p>F\u00fcr Menschen, die aufgrund k\u00f6rperlicher oder geistiger Beeintr\u00e4chtigungen nicht mehr t\u00e4glich acht Stunden arbeiten k\u00f6nnen, kann die Erwerbsminderungsrente die Rettung sein. Allerdings sind die H\u00fcrden f\u00fcr die staatliche Zahlung hoch.<\/p>\n","protected":false},"author":1,"featured_media":11777,"comment_status":"closed","ping_status":"open","sticky":false,"template":"","format":"standard","meta":{"inline_featured_image":false,"footnotes":""},"categories":[9],"tags":[],"class_list":["post-11769","post","type-post","status-publish","format-standard","has-post-thumbnail","hentry","category-leben-und-gesundheit"],"yoast_head":"<!-- This site is optimized with the Yoast SEO plugin v27.5 - https:\/\/yoast.com\/product\/yoast-seo-wordpress\/ -->\n<title>Erwerbsminderungsrente \u2013 Regelungen &amp; H\u00f6he | BavariaDirekt<\/title>\n<meta name=\"description\" content=\"K\u00f6nnen Sie nicht arbeiten, steht Ihnen Erwerbsminderungsrente zu. Das Wichtigste zu \u2713 Anspruch \u2713 Berechnung \u2713 Antrag \u25ba jetzt lesen!\" \/>\n<meta name=\"robots\" content=\"index, follow, max-snippet:-1, max-image-preview:large, max-video-preview:-1\" \/>\n<link rel=\"canonical\" href=\"https:\/\/www.bavariadirekt.de\/magazin\/erwerbsminderungsrente\/\" \/>\n<meta property=\"og:locale\" content=\"de_DE\" \/>\n<meta property=\"og:type\" content=\"article\" \/>\n<meta property=\"og:title\" content=\"Erwerbsminderungsrente \u2013 Regelungen &amp; H\u00f6he | BavariaDirekt\" \/>\n<meta property=\"og:description\" content=\"K\u00f6nnen Sie nicht arbeiten, steht Ihnen Erwerbsminderungsrente zu. Das Wichtigste zu \u2713 Anspruch \u2713 Berechnung \u2713 Antrag \u25ba jetzt lesen!\" \/>\n<meta property=\"og:url\" content=\"https:\/\/www.bavariadirekt.de\/magazin\/erwerbsminderungsrente\/\" \/>\n<meta property=\"og:site_name\" content=\"BavariaDirekt Magazin\" \/>\n<meta property=\"article:published_time\" content=\"2025-10-01T09:39:01+00:00\" \/>\n<meta property=\"article:modified_time\" content=\"2025-10-01T11:27:16+00:00\" \/>\n<meta property=\"og:image\" content=\"https:\/\/www.bavariadirekt.de\/magazin\/wp-content\/uploads\/2025\/10\/erwerbsminderungsrente.jpg\" \/>\n\t<meta property=\"og:image:width\" content=\"1000\" \/>\n\t<meta property=\"og:image:height\" content=\"562\" \/>\n\t<meta property=\"og:image:type\" content=\"image\/jpeg\" \/>\n<meta name=\"author\" content=\"Katja Lech\" \/>\n<meta name=\"twitter:card\" content=\"summary_large_image\" \/>\n<meta name=\"twitter:label1\" content=\"Verfasst von\" \/>\n\t<meta name=\"twitter:data1\" content=\"Katja Lech\" \/>\n\t<meta name=\"twitter:label2\" content=\"Gesch\u00e4tzte Lesezeit\" \/>\n\t<meta name=\"twitter:data2\" content=\"10\u00a0Minuten\" \/>\n<script type=\"application\/ld+json\" class=\"yoast-schema-graph\">{\"@context\":\"https:\\\/\\\/schema.org\",\"@graph\":[{\"@type\":\"Article\",\"@id\":\"https:\\\/\\\/www.bavariadirekt.de\\\/magazin\\\/erwerbsminderungsrente\\\/#article\",\"isPartOf\":{\"@id\":\"https:\\\/\\\/www.bavariadirekt.de\\\/magazin\\\/erwerbsminderungsrente\\\/\"},\"author\":{\"name\":\"Katja Lech\",\"@id\":\"https:\\\/\\\/www.bavariadirekt.de\\\/magazin\\\/#\\\/schema\\\/person\\\/4d592006c7eb63033892395668dcd43a\"},\"headline\":\"Erwerbsminderungsrente \u2013 so bekommen Sie die Leistung\",\"datePublished\":\"2025-10-01T09:39:01+00:00\",\"dateModified\":\"2025-10-01T11:27:16+00:00\",\"mainEntityOfPage\":{\"@id\":\"https:\\\/\\\/www.bavariadirekt.de\\\/magazin\\\/erwerbsminderungsrente\\\/\"},\"wordCount\":1772,\"publisher\":{\"@id\":\"https:\\\/\\\/www.bavariadirekt.de\\\/magazin\\\/#organization\"},\"image\":{\"@id\":\"https:\\\/\\\/www.bavariadirekt.de\\\/magazin\\\/erwerbsminderungsrente\\\/#primaryimage\"},\"thumbnailUrl\":\"https:\\\/\\\/www.bavariadirekt.de\\\/magazin\\\/wp-content\\\/uploads\\\/2025\\\/10\\\/erwerbsminderungsrente.jpg\",\"articleSection\":[\"Leben und Gesundheit\"],\"inLanguage\":\"de\"},{\"@type\":\"WebPage\",\"@id\":\"https:\\\/\\\/www.bavariadirekt.de\\\/magazin\\\/erwerbsminderungsrente\\\/\",\"url\":\"https:\\\/\\\/www.bavariadirekt.de\\\/magazin\\\/erwerbsminderungsrente\\\/\",\"name\":\"Erwerbsminderungsrente \u2013 Regelungen & H\u00f6he | BavariaDirekt\",\"isPartOf\":{\"@id\":\"https:\\\/\\\/www.bavariadirekt.de\\\/magazin\\\/#website\"},\"primaryImageOfPage\":{\"@id\":\"https:\\\/\\\/www.bavariadirekt.de\\\/magazin\\\/erwerbsminderungsrente\\\/#primaryimage\"},\"image\":{\"@id\":\"https:\\\/\\\/www.bavariadirekt.de\\\/magazin\\\/erwerbsminderungsrente\\\/#primaryimage\"},\"thumbnailUrl\":\"https:\\\/\\\/www.bavariadirekt.de\\\/magazin\\\/wp-content\\\/uploads\\\/2025\\\/10\\\/erwerbsminderungsrente.jpg\",\"datePublished\":\"2025-10-01T09:39:01+00:00\",\"dateModified\":\"2025-10-01T11:27:16+00:00\",\"description\":\"K\u00f6nnen Sie nicht arbeiten, steht Ihnen Erwerbsminderungsrente zu. Das Wichtigste zu \u2713 Anspruch \u2713 Berechnung \u2713 Antrag \u25ba jetzt lesen!\",\"breadcrumb\":{\"@id\":\"https:\\\/\\\/www.bavariadirekt.de\\\/magazin\\\/erwerbsminderungsrente\\\/#breadcrumb\"},\"inLanguage\":\"de\",\"potentialAction\":[{\"@type\":\"ReadAction\",\"target\":[\"https:\\\/\\\/www.bavariadirekt.de\\\/magazin\\\/erwerbsminderungsrente\\\/\"]}]},{\"@type\":\"ImageObject\",\"inLanguage\":\"de\",\"@id\":\"https:\\\/\\\/www.bavariadirekt.de\\\/magazin\\\/erwerbsminderungsrente\\\/#primaryimage\",\"url\":\"https:\\\/\\\/www.bavariadirekt.de\\\/magazin\\\/wp-content\\\/uploads\\\/2025\\\/10\\\/erwerbsminderungsrente.jpg\",\"contentUrl\":\"https:\\\/\\\/www.bavariadirekt.de\\\/magazin\\\/wp-content\\\/uploads\\\/2025\\\/10\\\/erwerbsminderungsrente.jpg\",\"width\":1000,\"height\":562,\"caption\":\"Frau greift sich vor Schmerz an den R\u00fccken\"},{\"@type\":\"BreadcrumbList\",\"@id\":\"https:\\\/\\\/www.bavariadirekt.de\\\/magazin\\\/erwerbsminderungsrente\\\/#breadcrumb\",\"itemListElement\":[{\"@type\":\"ListItem\",\"position\":1,\"name\":\"BavariaDirekt Magazin\",\"item\":\"https:\\\/\\\/www.bavariadirekt.de\\\/magazin\\\/\"},{\"@type\":\"ListItem\",\"position\":2,\"name\":\"Leben und Gesundheit\",\"item\":\"https:\\\/\\\/www.bavariadirekt.de\\\/magazin\\\/leben-und-gesundheit\\\/\"},{\"@type\":\"ListItem\",\"position\":3,\"name\":\"Erwerbsminderungsrente \u2013 so bekommen Sie die Leistung\"}]},{\"@type\":\"WebSite\",\"@id\":\"https:\\\/\\\/www.bavariadirekt.de\\\/magazin\\\/#website\",\"url\":\"https:\\\/\\\/www.bavariadirekt.de\\\/magazin\\\/\",\"name\":\"BavariaDirekt Magazin\",\"description\":\"\",\"publisher\":{\"@id\":\"https:\\\/\\\/www.bavariadirekt.de\\\/magazin\\\/#organization\"},\"potentialAction\":[{\"@type\":\"SearchAction\",\"target\":{\"@type\":\"EntryPoint\",\"urlTemplate\":\"https:\\\/\\\/www.bavariadirekt.de\\\/magazin\\\/?s={search_term_string}\"},\"query-input\":{\"@type\":\"PropertyValueSpecification\",\"valueRequired\":true,\"valueName\":\"search_term_string\"}}],\"inLanguage\":\"de\"},{\"@type\":\"Organization\",\"@id\":\"https:\\\/\\\/www.bavariadirekt.de\\\/magazin\\\/#organization\",\"name\":\"BavariaDirekt Magazin\",\"url\":\"https:\\\/\\\/www.bavariadirekt.de\\\/magazin\\\/\",\"logo\":{\"@type\":\"ImageObject\",\"inLanguage\":\"de\",\"@id\":\"https:\\\/\\\/www.bavariadirekt.de\\\/magazin\\\/#\\\/schema\\\/logo\\\/image\\\/\",\"url\":\"https:\\\/\\\/www.bavariadirekt.de\\\/magazin\\\/wp-content\\\/uploads\\\/2023\\\/07\\\/Logo-Magazin.jpg\",\"contentUrl\":\"https:\\\/\\\/www.bavariadirekt.de\\\/magazin\\\/wp-content\\\/uploads\\\/2023\\\/07\\\/Logo-Magazin.jpg\",\"width\":272,\"height\":90,\"caption\":\"BavariaDirekt Magazin\"},\"image\":{\"@id\":\"https:\\\/\\\/www.bavariadirekt.de\\\/magazin\\\/#\\\/schema\\\/logo\\\/image\\\/\"}},{\"@type\":\"Person\",\"@id\":\"https:\\\/\\\/www.bavariadirekt.de\\\/magazin\\\/#\\\/schema\\\/person\\\/4d592006c7eb63033892395668dcd43a\",\"name\":\"Katja Lech\",\"description\":\"Aus ihrer langj\u00e4hrigen Berufserfahrung als Online-Marketing-Managerin bei der BavariaDirekt wei\u00df Katja, dass Versicherung f\u00fcr viele Menschen erstmal VerUNsicherung bedeutet. Mit ihren Artikeln m\u00f6chte sie allen Leser*innen zeigen, dass das Thema Versichern bei weitem nicht so kompliziert ist, wie manch ein Begriff aus der Versicherungswelt. ;-) Als Zwillingsmama, Vegetarierin und begeisterte E-Auto-Fahrerin ist sie im Alltag gerne nachhaltig unterwegs.\",\"sameAs\":[\"https:\\\/\\\/www.bavariadirekt.de\\\/magazin\"],\"url\":\"https:\\\/\\\/www.bavariadirekt.de\\\/magazin\\\/author\\\/v001962\\\/\"}]}<\/script>\n<!-- \/ Yoast SEO plugin. -->","yoast_head_json":{"title":"Erwerbsminderungsrente \u2013 Regelungen & H\u00f6he | BavariaDirekt","description":"K\u00f6nnen Sie nicht arbeiten, steht Ihnen Erwerbsminderungsrente zu. Das Wichtigste zu \u2713 Anspruch \u2713 Berechnung \u2713 Antrag \u25ba jetzt lesen!","robots":{"index":"index","follow":"follow","max-snippet":"max-snippet:-1","max-image-preview":"max-image-preview:large","max-video-preview":"max-video-preview:-1"},"canonical":"https:\/\/www.bavariadirekt.de\/magazin\/erwerbsminderungsrente\/","og_locale":"de_DE","og_type":"article","og_title":"Erwerbsminderungsrente \u2013 Regelungen & H\u00f6he | BavariaDirekt","og_description":"K\u00f6nnen Sie nicht arbeiten, steht Ihnen Erwerbsminderungsrente zu. Das Wichtigste zu \u2713 Anspruch \u2713 Berechnung \u2713 Antrag \u25ba jetzt lesen!","og_url":"https:\/\/www.bavariadirekt.de\/magazin\/erwerbsminderungsrente\/","og_site_name":"BavariaDirekt Magazin","article_published_time":"2025-10-01T09:39:01+00:00","article_modified_time":"2025-10-01T11:27:16+00:00","og_image":[{"width":1000,"height":562,"url":"https:\/\/www.bavariadirekt.de\/magazin\/wp-content\/uploads\/2025\/10\/erwerbsminderungsrente.jpg","type":"image\/jpeg"}],"author":"Katja Lech","twitter_card":"summary_large_image","twitter_misc":{"Verfasst von":"Katja Lech","Gesch\u00e4tzte Lesezeit":"10\u00a0Minuten"},"schema":{"@context":"https:\/\/schema.org","@graph":[{"@type":"Article","@id":"https:\/\/www.bavariadirekt.de\/magazin\/erwerbsminderungsrente\/#article","isPartOf":{"@id":"https:\/\/www.bavariadirekt.de\/magazin\/erwerbsminderungsrente\/"},"author":{"name":"Katja Lech","@id":"https:\/\/www.bavariadirekt.de\/magazin\/#\/schema\/person\/4d592006c7eb63033892395668dcd43a"},"headline":"Erwerbsminderungsrente \u2013 so bekommen Sie die Leistung","datePublished":"2025-10-01T09:39:01+00:00","dateModified":"2025-10-01T11:27:16+00:00","mainEntityOfPage":{"@id":"https:\/\/www.bavariadirekt.de\/magazin\/erwerbsminderungsrente\/"},"wordCount":1772,"publisher":{"@id":"https:\/\/www.bavariadirekt.de\/magazin\/#organization"},"image":{"@id":"https:\/\/www.bavariadirekt.de\/magazin\/erwerbsminderungsrente\/#primaryimage"},"thumbnailUrl":"https:\/\/www.bavariadirekt.de\/magazin\/wp-content\/uploads\/2025\/10\/erwerbsminderungsrente.jpg","articleSection":["Leben und Gesundheit"],"inLanguage":"de"},{"@type":"WebPage","@id":"https:\/\/www.bavariadirekt.de\/magazin\/erwerbsminderungsrente\/","url":"https:\/\/www.bavariadirekt.de\/magazin\/erwerbsminderungsrente\/","name":"Erwerbsminderungsrente \u2013 Regelungen & H\u00f6he | BavariaDirekt","isPartOf":{"@id":"https:\/\/www.bavariadirekt.de\/magazin\/#website"},"primaryImageOfPage":{"@id":"https:\/\/www.bavariadirekt.de\/magazin\/erwerbsminderungsrente\/#primaryimage"},"image":{"@id":"https:\/\/www.bavariadirekt.de\/magazin\/erwerbsminderungsrente\/#primaryimage"},"thumbnailUrl":"https:\/\/www.bavariadirekt.de\/magazin\/wp-content\/uploads\/2025\/10\/erwerbsminderungsrente.jpg","datePublished":"2025-10-01T09:39:01+00:00","dateModified":"2025-10-01T11:27:16+00:00","description":"K\u00f6nnen Sie nicht arbeiten, steht Ihnen Erwerbsminderungsrente zu. Das Wichtigste zu \u2713 Anspruch \u2713 Berechnung \u2713 Antrag \u25ba jetzt lesen!","breadcrumb":{"@id":"https:\/\/www.bavariadirekt.de\/magazin\/erwerbsminderungsrente\/#breadcrumb"},"inLanguage":"de","potentialAction":[{"@type":"ReadAction","target":["https:\/\/www.bavariadirekt.de\/magazin\/erwerbsminderungsrente\/"]}]},{"@type":"ImageObject","inLanguage":"de","@id":"https:\/\/www.bavariadirekt.de\/magazin\/erwerbsminderungsrente\/#primaryimage","url":"https:\/\/www.bavariadirekt.de\/magazin\/wp-content\/uploads\/2025\/10\/erwerbsminderungsrente.jpg","contentUrl":"https:\/\/www.bavariadirekt.de\/magazin\/wp-content\/uploads\/2025\/10\/erwerbsminderungsrente.jpg","width":1000,"height":562,"caption":"Frau greift sich vor Schmerz an den R\u00fccken"},{"@type":"BreadcrumbList","@id":"https:\/\/www.bavariadirekt.de\/magazin\/erwerbsminderungsrente\/#breadcrumb","itemListElement":[{"@type":"ListItem","position":1,"name":"BavariaDirekt Magazin","item":"https:\/\/www.bavariadirekt.de\/magazin\/"},{"@type":"ListItem","position":2,"name":"Leben und Gesundheit","item":"https:\/\/www.bavariadirekt.de\/magazin\/leben-und-gesundheit\/"},{"@type":"ListItem","position":3,"name":"Erwerbsminderungsrente \u2013 so bekommen Sie die Leistung"}]},{"@type":"WebSite","@id":"https:\/\/www.bavariadirekt.de\/magazin\/#website","url":"https:\/\/www.bavariadirekt.de\/magazin\/","name":"BavariaDirekt Magazin","description":"","publisher":{"@id":"https:\/\/www.bavariadirekt.de\/magazin\/#organization"},"potentialAction":[{"@type":"SearchAction","target":{"@type":"EntryPoint","urlTemplate":"https:\/\/www.bavariadirekt.de\/magazin\/?s={search_term_string}"},"query-input":{"@type":"PropertyValueSpecification","valueRequired":true,"valueName":"search_term_string"}}],"inLanguage":"de"},{"@type":"Organization","@id":"https:\/\/www.bavariadirekt.de\/magazin\/#organization","name":"BavariaDirekt Magazin","url":"https:\/\/www.bavariadirekt.de\/magazin\/","logo":{"@type":"ImageObject","inLanguage":"de","@id":"https:\/\/www.bavariadirekt.de\/magazin\/#\/schema\/logo\/image\/","url":"https:\/\/www.bavariadirekt.de\/magazin\/wp-content\/uploads\/2023\/07\/Logo-Magazin.jpg","contentUrl":"https:\/\/www.bavariadirekt.de\/magazin\/wp-content\/uploads\/2023\/07\/Logo-Magazin.jpg","width":272,"height":90,"caption":"BavariaDirekt Magazin"},"image":{"@id":"https:\/\/www.bavariadirekt.de\/magazin\/#\/schema\/logo\/image\/"}},{"@type":"Person","@id":"https:\/\/www.bavariadirekt.de\/magazin\/#\/schema\/person\/4d592006c7eb63033892395668dcd43a","name":"Katja Lech","description":"Aus ihrer langj\u00e4hrigen Berufserfahrung als Online-Marketing-Managerin bei der BavariaDirekt wei\u00df Katja, dass Versicherung f\u00fcr viele Menschen erstmal VerUNsicherung bedeutet. Mit ihren Artikeln m\u00f6chte sie allen Leser*innen zeigen, dass das Thema Versichern bei weitem nicht so kompliziert ist, wie manch ein Begriff aus der Versicherungswelt. ;-) Als Zwillingsmama, Vegetarierin und begeisterte E-Auto-Fahrerin ist sie im Alltag gerne nachhaltig unterwegs.","sameAs":["https:\/\/www.bavariadirekt.de\/magazin"],"url":"https:\/\/www.bavariadirekt.de\/magazin\/author\/v001962\/"}]}},"_links":{"self":[{"href":"https:\/\/www.bavariadirekt.de\/magazin\/wp-json\/wp\/v2\/posts\/11769","targetHints":{"allow":["GET"]}}],"collection":[{"href":"https:\/\/www.bavariadirekt.de\/magazin\/wp-json\/wp\/v2\/posts"}],"about":[{"href":"https:\/\/www.bavariadirekt.de\/magazin\/wp-json\/wp\/v2\/types\/post"}],"author":[{"embeddable":true,"href":"https:\/\/www.bavariadirekt.de\/magazin\/wp-json\/wp\/v2\/users\/1"}],"replies":[{"embeddable":true,"href":"https:\/\/www.bavariadirekt.de\/magazin\/wp-json\/wp\/v2\/comments?post=11769"}],"version-history":[{"count":50,"href":"https:\/\/www.bavariadirekt.de\/magazin\/wp-json\/wp\/v2\/posts\/11769\/revisions"}],"predecessor-version":[{"id":11829,"href":"https:\/\/www.bavariadirekt.de\/magazin\/wp-json\/wp\/v2\/posts\/11769\/revisions\/11829"}],"wp:featuredmedia":[{"embeddable":true,"href":"https:\/\/www.bavariadirekt.de\/magazin\/wp-json\/wp\/v2\/media\/11777"}],"wp:attachment":[{"href":"https:\/\/www.bavariadirekt.de\/magazin\/wp-json\/wp\/v2\/media?parent=11769"}],"wp:term":[{"taxonomy":"category","embeddable":true,"href":"https:\/\/www.bavariadirekt.de\/magazin\/wp-json\/wp\/v2\/categories?post=11769"},{"taxonomy":"post_tag","embeddable":true,"href":"https:\/\/www.bavariadirekt.de\/magazin\/wp-json\/wp\/v2\/tags?post=11769"}],"curies":[{"name":"wp","href":"https:\/\/api.w.org\/{rel}","templated":true}]}}